{"id":20167,"date":"2026-04-22T15:39:42","date_gmt":"2026-04-22T15:39:42","guid":{"rendered":"https:\/\/noticiasal.com.mx\/?p=20167"},"modified":"2026-04-22T15:39:42","modified_gmt":"2026-04-22T15:39:42","slug":"caminar-despues-de-comer-este-habito-transforma-tu-cerebro","status":"publish","type":"post","link":"https:\/\/noticiasal.com.mx\/index.php\/2026\/04\/22\/caminar-despues-de-comer-este-habito-transforma-tu-cerebro\/","title":{"rendered":"\u00bfCaminar despu\u00e9s de comer?; este h\u00e1bito transforma tu cerebro"},"content":{"rendered":"<ul>\n<li class=\"subTitle text-2xl mb-5\">La conexi\u00f3n neurofisiol\u00f3gica entre el movimiento ligero y el eje intestino-cerebro<\/li>\n<\/ul>\n<p class=\"sc__font-paragraph\"><a title=\"https:\/\/www.eluniversal.com.mx\/tendencias\/\" href=\"https:\/\/www.eluniversal.com.mx\/tendencias\/\" target=\"_blank\" rel=\"noopener noreferrer\" data-mrf-link=\"https:\/\/www.eluniversal.com.mx\/tendencias\/\"><b>Comer<\/b><\/a>\u00a0representa mucho m\u00e1s que un acto de reposici\u00f3n energ\u00e9tica; este proceso desencadena una secuencia de cambios fisiol\u00f3gicos sincronizados que impactan directamente en la arquitectura cerebral.<\/p>\n<p class=\"sc__font-paragraph\">Durante el intervalo posterior a la ingesta, el\u00a0<b>organismo\u00a0<\/b>entra en un estado de\u00a0<b>\u00abdescanso y digesti\u00f3n\u00bb\u00a0<\/b>donde el intestino y el cerebro mantienen una comunicaci\u00f3n intensa.<\/p>\n<p class=\"sc__font-paragraph\">De acuerdo con investigaciones publicadas por la Escuela de Medicina de la Universidad de Yale, el movimiento moderado en este\u00a0<b>periodo\u00a0<\/b>tiene el potencial de remodelar la respuesta del\u00a0<b>sistema nervioso<\/b>\u00a0central ante los alimentos.<\/p>\n<blockquote><p>Esta ventana de sensibilidad en el eje intestino-cerebro constituye el escenario ideal para que un\u00a0<b>breve\u00a0<\/b>paseo transforme la bioqu\u00edmica corporal.<\/p><\/blockquote>\n<h2 class=\"sc__header\"><b>El impacto metab\u00f3lico en las c\u00e9lulas y la se\u00f1alizaci\u00f3n de la insulina<\/b><\/h2>\n<p class=\"sc__font-paragraph\">La digesti\u00f3n es un proceso\u00a0<b>activo\u00a0<\/b>que requiere una coordinaci\u00f3n precisa entre el torrente sangu\u00edneo y los \u00f3rganos sensoriales. Al caminar tras la comida, los m\u00fasculos se contraen y extraen la glucosa del\u00a0<b>flujo sangu\u00edneo\u00a0<\/b>para llevarla a las c\u00e9lulas de forma independiente a la insulina.<\/p>\n<p class=\"sc__font-paragraph\">Gerald Shulman, profesor de medicina en Yale, sostiene que \u00abel ejercicio evita los defectos en la se\u00f1alizaci\u00f3n de la insulina\u00bb, lo cual resulta fundamental para personas con resistencia a este compuesto o para\u00a0<b>adultos mayores.<\/b>\u00a0Este mecanismo abre una v\u00eda\u00a0<b>alterna\u00a0<\/b>para que la glucosa ingrese a las c\u00e9lulas, aliviando la carga de trabajo del p\u00e1ncreas y protegiendo la salud metab\u00f3lica sist\u00e9mica.<\/p>\n<p class=\"sc__font-paragraph\">Para implementar este h\u00e1bito de manera\u00a0<b>efectiva<\/b>, se sugiere el siguiente protocolo basado en evidencias cl\u00ednicas:<\/p>\n<ul class=\"sc__paragraph-list\">\n<li><b>Temporalidad:<\/b>\u00a0Iniciar el movimiento aproximadamente 30 minutos despu\u00e9s de terminar la ingesta (momento en que la glucosa alcanza su pico en sangre).<\/li>\n<li><b>Intensidad:<\/b>\u00a0Realizar una caminata ligera; no es necesario alcanzar un estado de fatiga o sudoraci\u00f3n.<\/li>\n<li><b>Duraci\u00f3n:<\/b>\u00a0Sesiones de tan solo\u00a0<b>10 a 15 minutos<\/b>\u00a0demuestran ser suficientes para atenuar los picos gluc\u00e9micos de forma significativa.<\/li>\n<li><b>Consistencia:<\/b>\u00a0Repetir la actividad diariamente para generar\u00a0<b>adaptaciones\u00a0<\/b>neurobiol\u00f3gicas duraderas.<\/li>\n<\/ul>\n<p class=\"sc__font-paragraph\">De acuerdo con la cient\u00edfica Loretta DiPietro, de la Universidad George Washington, el movimiento favorece la interocepci\u00f3n, que es la percepci\u00f3n cerebral de lo que ocurre dentro del\u00a0<b>organismo<\/b>, fortaleciendo la capacidad de respuesta ante el\u00a0<b>estr\u00e9s<\/b>.<\/p>\n<h2 class=\"sc__header\"><b>El nervio vago y la comunicaci\u00f3n bidireccional entre sistemas<\/b><\/h2>\n<p class=\"sc__font-paragraph\">Los beneficios de\u00a0<b>caminar\u00a0<\/b>despu\u00e9s de comer se extienden m\u00e1s all\u00e1 del\u00a0<b>control\u00a0<\/b>de az\u00facar. Recientes estudios anat\u00f3micos se\u00f1alan que el nervio vago (la principal v\u00eda de comunicaci\u00f3n entre el sistema digestivo y el cerebro) determina c\u00f3mo nos sentimos emocionalmente tras la alimentaci\u00f3n.<\/p>\n<p class=\"sc__font-paragraph\">Seg\u00fan investigaciones de la<b>\u00a0Universidad de Harvard<\/b>\u00a0(Harvard Health Publishing), el movimiento estimula este nervio,\u00a0<b>facilitando\u00a0<\/b>la sensaci\u00f3n de saciedad y el control de las emociones. Adem\u00e1s, se ha descubierto que las bacterias intestinales influyen en esta conexi\u00f3n nerviosa, vinculando\u00a0<b>directamente\u00a0<\/b>la calidad de la digesti\u00f3n con la salud mental.<\/p>\n<p class=\"sc__font-paragraph\">Este h\u00e1bito, por peque\u00f1o que parezca, reintroduce un\u00a0<b>ritmo\u00a0<\/b>evolutivo natural en la vida moderna. DiPietro se\u00f1ala que los seres humanos est\u00e1n \u00abprogramados para moverse despu\u00e9s de comer\u00bb, favoreciendo el uso\u00a0<b>inmediato\u00a0<\/b>de la energ\u00eda en lugar de su almacenamiento graso.<\/p>\n<p class=\"sc__font-paragraph\">Un estudio de 2025 refuerza esta premisa al\u00a0<b>demostrar\u00a0<\/b>que incluso interrumpir el sedentarismo con periodos de dos a cinco minutos de caminata por la casa reduce los picos de insulina en adultos. En \u00faltima instancia, integrar un paseo postprandial no sustituye tratamientos m\u00e9dicos, pero act\u00faa como un potente modulador\u00a0<b>biol\u00f3gico\u00a0<\/b>que interconecta el movimiento, la nutrici\u00f3n y la estabilidad\u00a0<b>neuronal\u00a0<\/b>en un solo gesto cotidiano.<\/p>\n<p><a href=\"https:\/\/www.eluniversal.com.mx\/tendencias\/caminar-despues-de-comer-descubre-como-este-habito-transforma-tu-cerebro\/\" target=\"_blank\" rel=\"noopener\">Universal<\/a><\/p>\n","protected":false},"excerpt":{"rendered":"<p>La conexi\u00f3n neurofisiol\u00f3gica entre el movimiento ligero y el eje intestino-cerebro Comer\u00a0representa mucho m\u00e1s que un acto de reposici\u00f3n energ\u00e9tica; este proceso desencadena una secuencia de cambios fisiol\u00f3gicos sincronizados que impactan directamente en la arquitectura cerebral. Durante el intervalo posterior a la ingesta, el\u00a0organismo\u00a0entra en un estado de\u00a0\u00abdescanso y digesti\u00f3n\u00bb\u00a0donde el intestino y el cerebro [&hellip;]<\/p>\n","protected":false},"author":9,"featured_media":20168,"comment_status":"open","ping_status":"closed","sticky":false,"template":"","format":"standard","meta":{"footnotes":""},"categories":[160],"tags":[1537,1238,280],"class_list":["post-20167","post","type-post","status-publish","format-standard","has-post-thumbnail","hentry","category-salud","tag-caminata","tag-cerebro","tag-salud"],"_links":{"self":[{"href":"https:\/\/noticiasal.com.mx\/index.php\/wp-json\/wp\/v2\/posts\/20167"}],"collection":[{"href":"https:\/\/noticiasal.com.mx\/index.php\/wp-json\/wp\/v2\/posts"}],"about":[{"href":"https:\/\/noticiasal.com.mx\/index.php\/wp-json\/wp\/v2\/types\/post"}],"author":[{"embeddable":true,"href":"https:\/\/noticiasal.com.mx\/index.php\/wp-json\/wp\/v2\/users\/9"}],"replies":[{"embeddable":true,"href":"https:\/\/noticiasal.com.mx\/index.php\/wp-json\/wp\/v2\/comments?post=20167"}],"version-history":[{"count":1,"href":"https:\/\/noticiasal.com.mx\/index.php\/wp-json\/wp\/v2\/posts\/20167\/revisions"}],"predecessor-version":[{"id":20169,"href":"https:\/\/noticiasal.com.mx\/index.php\/wp-json\/wp\/v2\/posts\/20167\/revisions\/20169"}],"wp:featuredmedia":[{"embeddable":true,"href":"https:\/\/noticiasal.com.mx\/index.php\/wp-json\/wp\/v2\/media\/20168"}],"wp:attachment":[{"href":"https:\/\/noticiasal.com.mx\/index.php\/wp-json\/wp\/v2\/media?parent=20167"}],"wp:term":[{"taxonomy":"category","embeddable":true,"href":"https:\/\/noticiasal.com.mx\/index.php\/wp-json\/wp\/v2\/categories?post=20167"},{"taxonomy":"post_tag","embeddable":true,"href":"https:\/\/noticiasal.com.mx\/index.php\/wp-json\/wp\/v2\/tags?post=20167"}],"curies":[{"name":"wp","href":"https:\/\/api.w.org\/{rel}","templated":true}]}}