{"id":20173,"date":"2026-04-23T13:56:22","date_gmt":"2026-04-23T13:56:22","guid":{"rendered":"https:\/\/noticiasal.com.mx\/?p=20173"},"modified":"2026-04-23T13:56:22","modified_gmt":"2026-04-23T13:56:22","slug":"pronostico-para-la-temporada-de-ciclones-tropicales-2026","status":"publish","type":"post","link":"https:\/\/noticiasal.com.mx\/index.php\/2026\/04\/23\/pronostico-para-la-temporada-de-ciclones-tropicales-2026\/","title":{"rendered":"Pron\u00f3stico para la Temporada de Ciclones Tropicales 2026"},"content":{"rendered":"<p data-start=\"465\" data-end=\"721\">De cara a la <strong data-start=\"478\" data-end=\"519\">temporada de ciclones tropicales 2026<\/strong>, M\u00e9xico podr\u00eda registrar una <strong data-start=\"549\" data-end=\"587\">actividad similar a a\u00f1os recientes<\/strong>, con una alta formaci\u00f3n de sistemas en el oc\u00e9ano Pac\u00edfico, de acuerdo con tendencias del <span class=\"hover:entity-accent entity-underline inline cursor-pointer align-baseline\"><span class=\"whitespace-normal\">Servicio Meteorol\u00f3gico Nacional<\/span><\/span> (SMN).<\/p>\n<p data-start=\"723\" data-end=\"997\">Aunque el pron\u00f3stico oficial para 2026 a\u00fan no ha sido publicado, en temporadas recientes se han registrado entre <strong data-start=\"836\" data-end=\"867\">30 y 37 ciclones tropicales<\/strong> en ambos litorales del pa\u00eds, con una mayor concentraci\u00f3n en el Pac\u00edfico, regi\u00f3n que influye directamente en estados como Jalisco.<\/p>\n<p data-start=\"999\" data-end=\"1056\">En ese sentido, especialistas anticipan un escenario con:<\/p>\n<ul data-start=\"1057\" data-end=\"1215\">\n<li data-section-id=\"t99tb9\" data-start=\"1057\" data-end=\"1100\">Entre <strong data-start=\"1065\" data-end=\"1100\">16 y 20 sistemas en el Pac\u00edfico<\/strong><\/li>\n<li data-section-id=\"mv3crc\" data-start=\"1101\" data-end=\"1136\">Entre <strong data-start=\"1109\" data-end=\"1136\">13 y 17 en el Atl\u00e1ntico<\/strong><\/li>\n<li data-section-id=\"1ws7g6y\" data-start=\"1137\" data-end=\"1215\">Con posibilidad de <strong data-start=\"1158\" data-end=\"1198\">huracanes intensos (categor\u00eda 3 a 5)<\/strong> en ambas cuencas<\/li>\n<\/ul>\n<h4 style=\"text-align: center;\" data-section-id=\"1cbjbrm\" data-start=\"1217\" data-end=\"1251\">Jalisco, en zona de vigilancia<\/h4>\n<p data-start=\"1253\" data-end=\"1497\">Por su ubicaci\u00f3n geogr\u00e1fica, Jalisco se mantiene como una entidad vulnerable a los efectos indirectos de estos fen\u00f3menos, principalmente por <strong data-start=\"1394\" data-end=\"1455\">lluvias intensas, inundaciones, deslaves y oleaje elevado<\/strong>, incluso sin impacto directo de ciclones.<\/p>\n<p data-start=\"1499\" data-end=\"1679\">La temporada inicia el <strong data-start=\"1522\" data-end=\"1551\">15 de mayo en el Pac\u00edfico<\/strong> y el <strong data-start=\"1557\" data-end=\"1587\">1 de junio en el Atl\u00e1ntico<\/strong>, extendi\u00e9ndose hasta el <strong data-start=\"1612\" data-end=\"1631\">30 de noviembre<\/strong>, con mayor actividad entre <strong data-start=\"1659\" data-end=\"1678\">julio y octubre<\/strong>.<\/p>\n<p data-start=\"1681\" data-end=\"1893\">Autoridades de <span class=\"hover:entity-accent entity-underline inline cursor-pointer align-baseline\"><span class=\"whitespace-normal\">Protecci\u00f3n Civil<\/span><\/span> exhortaron a la poblaci\u00f3n a mantenerse informada a trav\u00e9s de canales oficiales y tomar medidas preventivas ante el incremento de lluvias en los pr\u00f3ximos meses.<\/p>\n","protected":false},"excerpt":{"rendered":"<p>De cara a la temporada de ciclones tropicales 2026, M\u00e9xico podr\u00eda registrar una actividad similar a a\u00f1os recientes, con una alta formaci\u00f3n de sistemas en el oc\u00e9ano Pac\u00edfico, de acuerdo con tendencias del Servicio Meteorol\u00f3gico Nacional (SMN). Aunque el pron\u00f3stico oficial para 2026 a\u00fan no ha sido publicado, en temporadas recientes se han registrado entre [&hellip;]<\/p>\n","protected":false},"author":9,"featured_media":20174,"comment_status":"open","ping_status":"closed","sticky":false,"template":"","format":"standard","meta":{"footnotes":""},"categories":[148],"tags":[367,1538,185,424],"class_list":["post-20173","post","type-post","status-publish","format-standard","has-post-thumbnail","hentry","category-mexico","tag-conagua","tag-huracanes","tag-mexico","tag-pacifico"],"_links":{"self":[{"href":"https:\/\/noticiasal.com.mx\/index.php\/wp-json\/wp\/v2\/posts\/20173"}],"collection":[{"href":"https:\/\/noticiasal.com.mx\/index.php\/wp-json\/wp\/v2\/posts"}],"about":[{"href":"https:\/\/noticiasal.com.mx\/index.php\/wp-json\/wp\/v2\/types\/post"}],"author":[{"embeddable":true,"href":"https:\/\/noticiasal.com.mx\/index.php\/wp-json\/wp\/v2\/users\/9"}],"replies":[{"embeddable":true,"href":"https:\/\/noticiasal.com.mx\/index.php\/wp-json\/wp\/v2\/comments?post=20173"}],"version-history":[{"count":1,"href":"https:\/\/noticiasal.com.mx\/index.php\/wp-json\/wp\/v2\/posts\/20173\/revisions"}],"predecessor-version":[{"id":20175,"href":"https:\/\/noticiasal.com.mx\/index.php\/wp-json\/wp\/v2\/posts\/20173\/revisions\/20175"}],"wp:featuredmedia":[{"embeddable":true,"href":"https:\/\/noticiasal.com.mx\/index.php\/wp-json\/wp\/v2\/media\/20174"}],"wp:attachment":[{"href":"https:\/\/noticiasal.com.mx\/index.php\/wp-json\/wp\/v2\/media?parent=20173"}],"wp:term":[{"taxonomy":"category","embeddable":true,"href":"https:\/\/noticiasal.com.mx\/index.php\/wp-json\/wp\/v2\/categories?post=20173"},{"taxonomy":"post_tag","embeddable":true,"href":"https:\/\/noticiasal.com.mx\/index.php\/wp-json\/wp\/v2\/tags?post=20173"}],"curies":[{"name":"wp","href":"https:\/\/api.w.org\/{rel}","templated":true}]}}