{"id":20176,"date":"2026-04-23T14:09:24","date_gmt":"2026-04-23T14:09:24","guid":{"rendered":"https:\/\/noticiasal.com.mx\/?p=20176"},"modified":"2026-04-23T14:09:24","modified_gmt":"2026-04-23T14:09:24","slug":"jalisco-garantizara-cobertura-medica-universal-a-ninas-y-ninos-a-partir-del-ciclo-2026-2027","status":"publish","type":"post","link":"https:\/\/noticiasal.com.mx\/index.php\/2026\/04\/23\/jalisco-garantizara-cobertura-medica-universal-a-ninas-y-ninos-a-partir-del-ciclo-2026-2027\/","title":{"rendered":"Jalisco garantizar\u00e1 cobertura m\u00e9dica universal a ni\u00f1as y ni\u00f1os a partir del ciclo 2026\u20132027"},"content":{"rendered":"<p data-start=\"184\" data-end=\"483\"><span class=\"hover:entity-accent entity-underline inline cursor-pointer align-baseline\"><span class=\"whitespace-normal\">Pablo Lemus Navarro<\/span><\/span> anunci\u00f3 que Jalisco se convertir\u00e1 en el <strong data-start=\"262\" data-end=\"348\">primer estado del pa\u00eds en garantizar cobertura m\u00e9dica universal para ni\u00f1as y ni\u00f1os<\/strong>, mediante el programa Seguro M\u00e9dico Al Estilo Jalisco, que afiliar\u00e1 de manera autom\u00e1tica y gratuita a estudiantes de educaci\u00f3n b\u00e1sica.<\/p>\n<p data-start=\"485\" data-end=\"806\">El mandatario estatal inform\u00f3 que este esquema beneficiar\u00e1 a <strong data-start=\"546\" data-end=\"573\">1.6 millones de menores<\/strong>, quienes podr\u00e1n acceder a servicios de salud en los <strong data-start=\"626\" data-end=\"671\">634 puntos de la red hospitalaria estatal<\/strong>, sin importar si cuentan o no con seguridad social como <span class=\"hover:entity-accent entity-underline inline cursor-pointer align-baseline\"><span class=\"whitespace-normal\">IMSS<\/span><\/span> o <span class=\"hover:entity-accent entity-underline inline cursor-pointer align-baseline\"><span class=\"whitespace-normal\">ISSSTE<\/span><\/span>.<\/p>\n<p data-start=\"808\" data-end=\"1010\">El anuncio se formaliz\u00f3 con la firma del <strong data-start=\"849\" data-end=\"921\">Decreto de Protecci\u00f3n M\u00e9dica Total para las Ni\u00f1as y Ni\u00f1os de Jalisco<\/strong>, en el Jard\u00edn de Ni\u00f1os \u201cPablo Neruda\u201d, ubicado en <span class=\"hover:entity-accent entity-underline inline cursor-pointer align-baseline\"><span class=\"whitespace-normal\">Zapopan<\/span><\/span>.<\/p>\n<p data-start=\"1012\" data-end=\"1160\">\u201cCualquier ni\u00f1a o ni\u00f1o, independientemente de la condici\u00f3n laboral de sus padres, tendr\u00e1 cobertura m\u00e9dica total en el estado\u201d, afirm\u00f3 el gobernador.<\/p>\n<h3 data-section-id=\"bjf1lh\" data-start=\"1162\" data-end=\"1206\">Afiliaci\u00f3n autom\u00e1tica y modelo proactivo<\/h3>\n<p data-start=\"1208\" data-end=\"1439\">El programa contempla que todas y todos los estudiantes de <strong data-start=\"1267\" data-end=\"1304\">preescolar, primaria y secundaria<\/strong>, tanto de escuelas p\u00fablicas como privadas, sean incorporados autom\u00e1ticamente al sistema de salud estatal desde su inscripci\u00f3n escolar.<\/p>\n<p data-start=\"1441\" data-end=\"1678\">Con esta medida, el gobierno estatal busca dejar atr\u00e1s los esquemas de afiliaci\u00f3n voluntaria, adoptando un modelo <strong data-start=\"1555\" data-end=\"1568\">proactivo<\/strong>, en el que el Estado garantiza el acceso a la salud sin que las familias deban realizar tr\u00e1mites adicionales.<\/p>\n<p data-start=\"1680\" data-end=\"1821\">La estrategia se sustenta en el principio del <strong data-start=\"1726\" data-end=\"1758\">inter\u00e9s superior de la ni\u00f1ez<\/strong>, establecido en la Constituci\u00f3n y en tratados internacionales.<\/p>\n<h3 data-section-id=\"1n8vxfw\" data-start=\"1823\" data-end=\"1873\">Tambi\u00e9n impulsar\u00e1n transporte gratuito por ley<\/h3>\n<p data-start=\"1875\" data-end=\"2101\">Durante el anuncio, Lemus Navarro adelant\u00f3 que enviar\u00e1 una iniciativa al Congreso local para que tanto la <strong data-start=\"1981\" data-end=\"2011\">cobertura m\u00e9dica universal<\/strong> como el <strong data-start=\"2020\" data-end=\"2070\">transporte p\u00fablico gratuito para ni\u00f1as y ni\u00f1os<\/strong> queden establecidos en la ley.<\/p>\n<p data-start=\"2103\" data-end=\"2195\">\u201cSomos el \u00fanico estado donde el transporte p\u00fablico es gratuito para ni\u00f1as y ni\u00f1os\u201d, destac\u00f3.<\/p>\n<h3 data-section-id=\"54rlx6\" data-start=\"2197\" data-end=\"2225\">Entrar\u00e1 en vigor en 2026<\/h3>\n<p data-start=\"2227\" data-end=\"2449\">El decreto comenzar\u00e1 a aplicarse a partir del inicio del <strong data-start=\"2284\" data-end=\"2311\">ciclo escolar 2026\u20132027<\/strong>, con el objetivo de garantizar acceso equitativo a servicios de salud y eliminar barreras econ\u00f3micas y administrativas para las familias.<\/p>\n<p data-start=\"2451\" data-end=\"2689\">Autoridades estatales, como Andrea Blanco Calder\u00f3n, Coordinadora de Desarrollo Social, subrayaron que el programa busca asegurar una <strong data-start=\"2584\" data-end=\"2625\">cobertura del 100 por ciento gratuita<\/strong>, colocando a la ni\u00f1ez como prioridad en las pol\u00edticas p\u00fablicas.<\/p>\n<h3 data-section-id=\"1g3m7w6\" data-start=\"2691\" data-end=\"2733\">Inversi\u00f3n en infraestructura educativa<\/h3>\n<p data-start=\"2735\" data-end=\"2947\">En el mismo evento, el gobernador encabez\u00f3 la entrega de la rehabilitaci\u00f3n del plantel preescolar, realizada mediante el programa <strong data-start=\"2865\" data-end=\"2889\">Jalisco con Estrella<\/strong>, con una inversi\u00f3n superior a <strong data-start=\"2920\" data-end=\"2946\">12.8 millones de pesos<\/strong>.<\/p>\n<p data-start=\"2949\" data-end=\"3153\">Las obras incluyeron mejoras en accesibilidad, instalaciones el\u00e9ctricas e hidr\u00e1ulicas, sanitarios, patios, techos y equipamiento, con el fin de ofrecer espacios seguros y dignos para la comunidad escolar.<\/p>\n","protected":false},"excerpt":{"rendered":"<p>Pablo Lemus Navarro anunci\u00f3 que Jalisco se convertir\u00e1 en el primer estado del pa\u00eds en garantizar cobertura m\u00e9dica universal para ni\u00f1as y ni\u00f1os, mediante el programa Seguro M\u00e9dico Al Estilo Jalisco, que afiliar\u00e1 de manera autom\u00e1tica y gratuita a estudiantes de educaci\u00f3n b\u00e1sica. El mandatario estatal inform\u00f3 que este esquema beneficiar\u00e1 a 1.6 millones de [&hellip;]<\/p>\n","protected":false},"author":9,"featured_media":20177,"comment_status":"open","ping_status":"closed","sticky":false,"template":"","format":"standard","meta":{"footnotes":""},"categories":[154],"tags":[178,182,1539],"class_list":["post-20176","post","type-post","status-publish","format-standard","has-post-thumbnail","hentry","category-jalisco","tag-jalisco","tag-pablo-lemus","tag-seguro-escolar"],"_links":{"self":[{"href":"https:\/\/noticiasal.com.mx\/index.php\/wp-json\/wp\/v2\/posts\/20176"}],"collection":[{"href":"https:\/\/noticiasal.com.mx\/index.php\/wp-json\/wp\/v2\/posts"}],"about":[{"href":"https:\/\/noticiasal.com.mx\/index.php\/wp-json\/wp\/v2\/types\/post"}],"author":[{"embeddable":true,"href":"https:\/\/noticiasal.com.mx\/index.php\/wp-json\/wp\/v2\/users\/9"}],"replies":[{"embeddable":true,"href":"https:\/\/noticiasal.com.mx\/index.php\/wp-json\/wp\/v2\/comments?post=20176"}],"version-history":[{"count":1,"href":"https:\/\/noticiasal.com.mx\/index.php\/wp-json\/wp\/v2\/posts\/20176\/revisions"}],"predecessor-version":[{"id":20178,"href":"https:\/\/noticiasal.com.mx\/index.php\/wp-json\/wp\/v2\/posts\/20176\/revisions\/20178"}],"wp:featuredmedia":[{"embeddable":true,"href":"https:\/\/noticiasal.com.mx\/index.php\/wp-json\/wp\/v2\/media\/20177"}],"wp:attachment":[{"href":"https:\/\/noticiasal.com.mx\/index.php\/wp-json\/wp\/v2\/media?parent=20176"}],"wp:term":[{"taxonomy":"category","embeddable":true,"href":"https:\/\/noticiasal.com.mx\/index.php\/wp-json\/wp\/v2\/categories?post=20176"},{"taxonomy":"post_tag","embeddable":true,"href":"https:\/\/noticiasal.com.mx\/index.php\/wp-json\/wp\/v2\/tags?post=20176"}],"curies":[{"name":"wp","href":"https:\/\/api.w.org\/{rel}","templated":true}]}}