{"id":20179,"date":"2026-04-23T15:36:32","date_gmt":"2026-04-23T15:36:32","guid":{"rendered":"https:\/\/noticiasal.com.mx\/?p=20179"},"modified":"2026-04-23T15:36:32","modified_gmt":"2026-04-23T15:36:32","slug":"semana-de-la-vacunacion-e-inmunizacion-2026-se-realizara-del-25-de-abril-al-2-de-mayo","status":"publish","type":"post","link":"https:\/\/noticiasal.com.mx\/index.php\/2026\/04\/23\/semana-de-la-vacunacion-e-inmunizacion-2026-se-realizara-del-25-de-abril-al-2-de-mayo\/","title":{"rendered":"Semana de la Vacunaci\u00f3n e Inmunizaci\u00f3n 2026 se realizar\u00e1 del 25 de abril al 2 de mayo"},"content":{"rendered":"<ul>\n<li>La aplicaci\u00f3n de los biol\u00f3gicos se realizar\u00e1 en unidades de salud, puestos semifijos en espacios p\u00fablicos de alta afluencia y mediante brigadas m\u00f3viles que llegar\u00e1n a las comunidades rurales, zonas de dif\u00edcil acceso y \u00e1reas identificadas con rezago en vacunaci\u00f3n.<\/li>\n<\/ul>\n<p class=\"nota-justify\" dir=\"ltr\">La Secretar\u00eda de Salud (Ssa) inform\u00f3 que del 25 de abril al 2 de mayo se realizar\u00e1 la 24 Semana de la Vacunaci\u00f3n en las Am\u00e9ricas y la Semana Mundial de Inmunizaci\u00f3n 2026. Ser\u00e1 una jornada intensiva de actividades para recuperar esquemas incompletos y el aumento de coberturas de las vacunas para todos los grupos de edad, seg\u00fan corresponda.<\/p>\n<p class=\"nota-justify\" dir=\"ltr\">En esta ocasi\u00f3n el lema es \u201cVacunar es amar\u201d y el objetivo es la prevenci\u00f3n, control y eliminaci\u00f3n de enfermedades.<\/p>\n<div id=\"article-content-tts\" class=\"nota-contenido mb-5\">\n<div id=\"content_nitf\">\n<p class=\"nota-justify\" dir=\"ltr\">La aplicaci\u00f3n de los biol\u00f3gicos se realizar\u00e1 en unidades de salud, puestos semifijos en espacios p\u00fablicos de alta afluencia y mediante brigadas m\u00f3viles que llegar\u00e1n a las comunidades rurales, zonas de dif\u00edcil acceso y \u00e1reas identificadas con rezago en vacunaci\u00f3n.<\/p>\n<p class=\"nota-justify\" dir=\"ltr\">Tambi\u00e9n se har\u00e1n visitas casa por casa, revisi\u00f3n de Cartillas Nacionales de Salud y campa\u00f1as de sensibilizaci\u00f3n. La dependencia federal indic\u00f3 que se buscar\u00e1 fomentar la vacunaci\u00f3n oportuna y proteger a la poblaci\u00f3n contra enfermedades prevenibles.<\/p>\n<p class=\"nota-justify\" dir=\"ltr\">Las vacunas que se aplicar\u00e1n son<\/p>\n<p class=\"nota-justify\" dir=\"ltr\">\u2022\u00a0 \u00a0 \u00a0 \u00a0 \u00a0 BCG y Hepatitis B para reci\u00e9n nacidos.<\/p>\n<p class=\"nota-justify\" dir=\"ltr\">\u2022\u00a0 \u00a0 \u00a0 \u00a0 \u00a0 Hexavalente acelular, neumoc\u00f3cica conjugada, rotavirus, para menores de un a\u00f1o.<\/p>\n<p class=\"nota-justify\" dir=\"ltr\">\u2022\u00a0 \u00a0 \u00a0 \u00a0 \u00a0 Triple viral (sarampi\u00f3n, rub\u00e9ola y parotiditis), Hexavalente acelular, neumoc\u00f3cica conjugada y hepatitis A en la primera infancia.<\/p>\n<p class=\"nota-justify\" dir=\"ltr\">\u2022\u00a0 \u00a0 \u00a0 \u00a0 \u00a0 DPT (difteria, tos ferina y t\u00e9tanos) como refuerzo en poblaci\u00f3n infantil.<\/p>\n<p class=\"nota-justify\" dir=\"ltr\">\u2022\u00a0 \u00a0 \u00a0 \u00a0 \u00a0 VPH (Virus del Papiloma Humano) en ni\u00f1as y ni\u00f1os de 5to a\u00f1o de primaria y de 11 a\u00f1os no escolarizados, adolescentes y personas de 11 a 49 a\u00f1os que viven con VIH y mujeres de 9 a 19 a\u00f1os en protocolo de atenci\u00f3n por violaci\u00f3n sexual.<\/p>\n<p class=\"nota-justify\" dir=\"ltr\">\u2022\u00a0 \u00a0 \u00a0 \u00a0 \u00a0 Td y Tdpa (t\u00e9tanos, difteria y tos ferina) en adolescentes, personas adultas, mujeres embarazadas y personal de salud.<\/p>\n<p class=\"nota-justify\" dir=\"ltr\">\u2022\u00a0 \u00a0 \u00a0 \u00a0 \u00a0 Influenza estacional y COVID-19 ni\u00f1as y ni\u00f1os menores de 5 a\u00f1os, poblaci\u00f3n en riesgo, personal de salud y personas adultas mayores.<\/p>\n<p class=\"nota-justify\" dir=\"ltr\">\u2022\u00a0 \u00a0 \u00a0 \u00a0 \u00a0 Neumococo para personas mayores de 60 a\u00f1os.<\/p>\n<\/div>\n<\/div>\n<div class=\"notas-relacionadas\"><\/div>\n<div class=\"nota-tags\"><\/div>\n","protected":false},"excerpt":{"rendered":"<p>La aplicaci\u00f3n de los biol\u00f3gicos se realizar\u00e1 en unidades de salud, puestos semifijos en espacios p\u00fablicos de alta afluencia y mediante brigadas m\u00f3viles que llegar\u00e1n a las comunidades rurales, zonas de dif\u00edcil acceso y \u00e1reas identificadas con rezago en vacunaci\u00f3n. La Secretar\u00eda de Salud (Ssa) inform\u00f3 que del 25 de abril al 2 de mayo [&hellip;]<\/p>\n","protected":false},"author":9,"featured_media":20180,"comment_status":"open","ping_status":"closed","sticky":false,"template":"","format":"standard","meta":{"footnotes":""},"categories":[160],"tags":[280,1540,878],"class_list":["post-20179","post","type-post","status-publish","format-standard","has-post-thumbnail","hentry","category-salud","tag-salud","tag-semana-nacaional","tag-vacunacion"],"_links":{"self":[{"href":"https:\/\/noticiasal.com.mx\/index.php\/wp-json\/wp\/v2\/posts\/20179"}],"collection":[{"href":"https:\/\/noticiasal.com.mx\/index.php\/wp-json\/wp\/v2\/posts"}],"about":[{"href":"https:\/\/noticiasal.com.mx\/index.php\/wp-json\/wp\/v2\/types\/post"}],"author":[{"embeddable":true,"href":"https:\/\/noticiasal.com.mx\/index.php\/wp-json\/wp\/v2\/users\/9"}],"replies":[{"embeddable":true,"href":"https:\/\/noticiasal.com.mx\/index.php\/wp-json\/wp\/v2\/comments?post=20179"}],"version-history":[{"count":1,"href":"https:\/\/noticiasal.com.mx\/index.php\/wp-json\/wp\/v2\/posts\/20179\/revisions"}],"predecessor-version":[{"id":20181,"href":"https:\/\/noticiasal.com.mx\/index.php\/wp-json\/wp\/v2\/posts\/20179\/revisions\/20181"}],"wp:featuredmedia":[{"embeddable":true,"href":"https:\/\/noticiasal.com.mx\/index.php\/wp-json\/wp\/v2\/media\/20180"}],"wp:attachment":[{"href":"https:\/\/noticiasal.com.mx\/index.php\/wp-json\/wp\/v2\/media?parent=20179"}],"wp:term":[{"taxonomy":"category","embeddable":true,"href":"https:\/\/noticiasal.com.mx\/index.php\/wp-json\/wp\/v2\/categories?post=20179"},{"taxonomy":"post_tag","embeddable":true,"href":"https:\/\/noticiasal.com.mx\/index.php\/wp-json\/wp\/v2\/tags?post=20179"}],"curies":[{"name":"wp","href":"https:\/\/api.w.org\/{rel}","templated":true}]}}