{"id":20185,"date":"2026-04-24T15:21:26","date_gmt":"2026-04-24T15:21:26","guid":{"rendered":"https:\/\/noticiasal.com.mx\/?p=20185"},"modified":"2026-04-24T15:21:26","modified_gmt":"2026-04-24T15:21:26","slug":"el-gran-premio-de-turquia-regresara-al-calendario-de-f1-a-partir-de-2027","status":"publish","type":"post","link":"https:\/\/noticiasal.com.mx\/index.php\/2026\/04\/24\/el-gran-premio-de-turquia-regresara-al-calendario-de-f1-a-partir-de-2027\/","title":{"rendered":"El Gran Premio de Turqu\u00eda regresar\u00e1 al calendario de F1 a partir de 2027."},"content":{"rendered":"<p>La F\u00f3rmula 1 har\u00e1 su regreso al Gran Premio de Turqu\u00eda &#8211; en el circuito de Istanbul Park &#8211; a partir de 2027. El contrato entre la pista y el campeonato del mundo cubre una duraci\u00f3n de cinco a\u00f1os, extendi\u00e9ndose por tanto hasta 2031.<\/p>\n<p>Cabe se\u00f1alar que el anuncio fue hecho oficialmente por el propio presidente turco, Recep Tayyip Erdogan.<\/p>\n<blockquote><p>\u00abLa F\u00f3rmula 1 figura entre los eventos deportivos m\u00e1s prestigiosos del mundo, distingui\u00e9ndose por su car\u00e1cter espectacular, su p\u00fablico joven y su papel pionero en las tecnolog\u00edas automovil\u00edsticas\u00bb, declar\u00f3 Erdogan.<\/p><\/blockquote>\n<p>\u00abTambi\u00e9n en nuestro pa\u00eds, la F\u00f3rmula 1 goza de un amplio p\u00fablico en todas las franjas de edad \u2013 en particular entre los j\u00f3venes \u2013 y cuenta con aficionados verdaderamente apasionados.\u00bb<\/p>\n<p>Stefano Domenicali, CEO de la F1, coment\u00f3: \u00abEstamos encantados de regresar a la incre\u00edble y vibrante ciudad de Estambul desde 2027 para entusiasmar a todos nuestros fan\u00e1ticos en Turqu\u00eda y en todo el mundo en uno de los circuitos m\u00e1s emocionantes y desafiantes de la F\u00f3rmula 1. Como ciudad, Estambul representa una puerta cultural entre Europa y Asia, ofreciendo una combinaci\u00f3n \u00fanica de historia y tradici\u00f3n con un enfoque innovador hacia el deporte, los negocios y el entretenimiento.<\/p>\n<p>\u00abQuiero agradecer a Su Excelencia el presidente Sr. Erdogan, al Ministerio de Juventud y Deportes, al Ministerio de Cultura y Turismo, y a la Federaci\u00f3n Turca de Deportes Automovil\u00edsticos por su apoyo para asegurar el regreso de la F\u00f3rmula 1. Muchos momentos memorables se han vivido en la historia de nuestro deporte en Istanbul Park y estoy entusiasmado por comenzar el pr\u00f3ximo cap\u00edtulo de nuestra asociaci\u00f3n, brindando a los fan\u00e1ticos la oportunidad de vivir a\u00fan m\u00e1s carreras incre\u00edbles en un lugar verdaderamente fant\u00e1stico.\u00bb<\/p>\n<p>La prueba hab\u00eda hecho primero su aparici\u00f3n en la categor\u00eda reina a mediados de los a\u00f1os 2000, con siete ediciones organizadas entre 2005 y 2011. Despu\u00e9s hab\u00eda desaparecido antes de, como otros circuitos, regresar de forma inesperada con motivo de la alteraci\u00f3n del calendario provocada por la pandemia de COVID-19.<\/p>\n<p>En 2020, el GP de Turqu\u00eda se celebr\u00f3 as\u00ed a mediados de noviembre, en condiciones particulares ya que, adem\u00e1s de las inclemencias meteorol\u00f3gicas, la pista hab\u00eda sido reasfaltada muy tard\u00edamente, haciendo la superficie particularmente resbaladiza.<\/p>\n<p>Fue en este GP de Turqu\u00eda 2020 donde\u00a0<a href=\"https:\/\/lat.motorsport.com\/driver\/lewis-hamilton\/464818\/\" target=\"_blank\" rel=\"noopener\">Lewis Hamilton<\/a>, al lograr la victoria, tambi\u00e9n fue coronado por s\u00e9ptima vez en su carrera, igualando as\u00ed a\u00a0<a href=\"https:\/\/lat.motorsport.com\/driver\/michael-schumacher-2\/468269\/\" target=\"_blank\" rel=\"noopener\">Michael Schumacher<\/a>.<\/p>\n<p>Al a\u00f1o siguiente, Istanbul Park acogi\u00f3 su \u00faltimo Gran Premio hasta la fecha, en octubre, y vio la victoria de\u00a0<a href=\"https:\/\/lat.motorsport.com\/driver\/valtteri-bottas\/466023\/\" target=\"_blank\" rel=\"noopener\">Valtteri Bottas<\/a>\u00a0(<a href=\"https:\/\/lat.motorsport.com\/team\/mercedes-amg-f1\/25731\/\" target=\"_blank\" rel=\"noopener\">Mercedes<\/a>), de nuevo en condiciones lluviosas pero sobre una pista que se ajustaba mucho m\u00e1s a las expectativas.<\/p>\n","protected":false},"excerpt":{"rendered":"<p>La F\u00f3rmula 1 har\u00e1 su regreso al Gran Premio de Turqu\u00eda &#8211; en el circuito de Istanbul Park &#8211; a partir de 2027. El contrato entre la pista y el campeonato del mundo cubre una duraci\u00f3n de cinco a\u00f1os, extendi\u00e9ndose por tanto hasta 2031. Cabe se\u00f1alar que el anuncio fue hecho oficialmente por el propio [&hellip;]<\/p>\n","protected":false},"author":9,"featured_media":20186,"comment_status":"open","ping_status":"closed","sticky":false,"template":"","format":"standard","meta":{"footnotes":""},"categories":[150],"tags":[1541,435,1542],"class_list":["post-20185","post","type-post","status-publish","format-standard","has-post-thumbnail","hentry","category-deportes","tag-deortes","tag-f1","tag-turquia"],"_links":{"self":[{"href":"https:\/\/noticiasal.com.mx\/index.php\/wp-json\/wp\/v2\/posts\/20185"}],"collection":[{"href":"https:\/\/noticiasal.com.mx\/index.php\/wp-json\/wp\/v2\/posts"}],"about":[{"href":"https:\/\/noticiasal.com.mx\/index.php\/wp-json\/wp\/v2\/types\/post"}],"author":[{"embeddable":true,"href":"https:\/\/noticiasal.com.mx\/index.php\/wp-json\/wp\/v2\/users\/9"}],"replies":[{"embeddable":true,"href":"https:\/\/noticiasal.com.mx\/index.php\/wp-json\/wp\/v2\/comments?post=20185"}],"version-history":[{"count":1,"href":"https:\/\/noticiasal.com.mx\/index.php\/wp-json\/wp\/v2\/posts\/20185\/revisions"}],"predecessor-version":[{"id":20187,"href":"https:\/\/noticiasal.com.mx\/index.php\/wp-json\/wp\/v2\/posts\/20185\/revisions\/20187"}],"wp:featuredmedia":[{"embeddable":true,"href":"https:\/\/noticiasal.com.mx\/index.php\/wp-json\/wp\/v2\/media\/20186"}],"wp:attachment":[{"href":"https:\/\/noticiasal.com.mx\/index.php\/wp-json\/wp\/v2\/media?parent=20185"}],"wp:term":[{"taxonomy":"category","embeddable":true,"href":"https:\/\/noticiasal.com.mx\/index.php\/wp-json\/wp\/v2\/categories?post=20185"},{"taxonomy":"post_tag","embeddable":true,"href":"https:\/\/noticiasal.com.mx\/index.php\/wp-json\/wp\/v2\/tags?post=20185"}],"curies":[{"name":"wp","href":"https:\/\/api.w.org\/{rel}","templated":true}]}}