{"id":20191,"date":"2026-04-24T16:05:01","date_gmt":"2026-04-24T16:05:01","guid":{"rendered":"https:\/\/noticiasal.com.mx\/?p=20191"},"modified":"2026-04-24T16:05:01","modified_gmt":"2026-04-24T16:05:01","slug":"puerto-vallarta-se-vestira-de-cine-con-el-ficpv-2026","status":"publish","type":"post","link":"https:\/\/noticiasal.com.mx\/index.php\/2026\/04\/24\/puerto-vallarta-se-vestira-de-cine-con-el-ficpv-2026\/","title":{"rendered":"Puerto Vallarta se vestir\u00e1 de cine con el FICPV 2026"},"content":{"rendered":"<p data-start=\"92\" data-end=\"323\">Del <strong data-start=\"96\" data-end=\"117\">27 al 30 de abril<\/strong>, <span class=\"hover:entity-accent entity-underline inline cursor-pointer align-baseline\"><span class=\"whitespace-normal\">Festival Internacional de Cine en Puerto Vallarta 2026<\/span><\/span> celebrar\u00e1 su edici\u00f3n n\u00famero 26 con una agenda que re\u00fane proyecciones, actividades acad\u00e9micas y encuentros con talento cinematogr\u00e1fico en distintas sedes de la ciudad.<\/p>\n<p data-start=\"325\" data-end=\"619\">El festival, organizado por el <span class=\"hover:entity-accent entity-underline inline cursor-pointer align-baseline\"><span class=\"whitespace-normal\">Centro Universitario de la Costa<\/span><\/span> de la <span class=\"hover:entity-accent entity-underline inline cursor-pointer align-baseline\"><span class=\"whitespace-normal\">Universidad de Guadalajara<\/span><\/span>, tendr\u00e1 como escenarios principales el <span class=\"hover:entity-accent entity-underline inline cursor-pointer align-baseline\"><span class=\"whitespace-normal\">Auditorio Juan Luis Cifuentes Lemus<\/span><\/span> y salas de Cin\u00e9polis Pitillal, donde se llevar\u00e1n a cabo funciones abiertas al p\u00fablico con cupo limitado.<\/p>\n<p data-start=\"621\" data-end=\"903\">La programaci\u00f3n inicia el <strong data-start=\"647\" data-end=\"668\">lunes 27 de abril<\/strong> con la gala inaugural y la proyecci\u00f3n de <em data-start=\"710\" data-end=\"754\">Feito Pipa (Como un cometa \/ Gugu\u2019s World)<\/em>, dirigida por <span class=\"hover:entity-accent entity-underline inline cursor-pointer align-baseline\"><span class=\"whitespace-normal\">Allan Deberton<\/span><\/span>. La actividad contempla una recepci\u00f3n previa y la funci\u00f3n principal en el auditorio del CUCosta.<\/p>\n<p data-start=\"905\" data-end=\"1153\">El <strong data-start=\"908\" data-end=\"930\">martes 28 de abril<\/strong>, el festival contin\u00faa con la proyecci\u00f3n de <em data-start=\"974\" data-end=\"985\">Soy Mario<\/em>, largometraje dirigido por <span class=\"hover:entity-accent entity-underline inline cursor-pointer align-baseline\"><span class=\"whitespace-normal\">Sharon Kleinberg<\/span><\/span>, que aborda tem\u00e1ticas contempor\u00e1neas y forma parte de las funciones programadas en Cin\u00e9polis Pitillal.<\/p>\n<p data-start=\"1155\" data-end=\"1389\">Para el <strong data-start=\"1163\" data-end=\"1188\">mi\u00e9rcoles 29 de abril<\/strong>, se presentar\u00e1 <em data-start=\"1204\" data-end=\"1231\">En el camino (On the Way)<\/em>, del director <span class=\"hover:entity-accent entity-underline inline cursor-pointer align-baseline\"><span class=\"whitespace-normal\">David Pablos<\/span><\/span>, con presencia de talento, como parte de las actividades que buscan acercar al p\u00fablico con los creadores.<\/p>\n<p data-start=\"1391\" data-end=\"1690\">Ese mismo d\u00eda se realizar\u00e1 un homenaje a la actriz <span class=\"hover:entity-accent entity-underline inline cursor-pointer align-baseline\"><span class=\"whitespace-normal\">Luisa Huertas<\/span><\/span>, quien recibir\u00e1 la <strong data-start=\"1499\" data-end=\"1521\">Iguana de Oro 2026<\/strong>, m\u00e1ximo reconocimiento del festival, en el Auditorio Cifuentes del CUCosta. La distinci\u00f3n reconoce su trayectoria de m\u00e1s de cuatro d\u00e9cadas en cine, teatro y televisi\u00f3n.<\/p>\n<p data-start=\"1692\" data-end=\"2040\">El festival contempla adem\u00e1s secciones como Premio Maguey, as\u00ed como muestras de cine independiente, cortometrajes y producciones que abordan diversidad de tem\u00e1ticas sociales y culturales. A lo largo de los cuatro d\u00edas tambi\u00e9n se desarrollar\u00e1n clases magistrales, talleres y conversatorios dirigidos a estudiantes, realizadores y p\u00fablico en general.<\/p>\n<p data-start=\"2042\" data-end=\"2199\">Las funciones ser\u00e1n en su mayor\u00eda gratuitas, con acceso sujeto a disponibilidad, en un formato que busca acercar el cine a la comunidad local y a visitantes.<\/p>\n<p data-start=\"2201\" data-end=\"2398\">Con esta edici\u00f3n, <span class=\"hover:entity-accent entity-underline inline cursor-pointer align-baseline\"><span class=\"whitespace-normal\">Puerto Vallarta<\/span><\/span> consolida su actividad cultural al integrar una oferta cinematogr\u00e1fica que re\u00fane propuestas nacionales e internacionales en un mismo espacio.<\/p>\n<p data-start=\"2400\" data-end=\"2489\" data-is-last-node=\"\" data-is-only-node=\"\">La programaci\u00f3n completa puede consultarse en la <a href=\"https:\/\/www.facebook.com\/FICPV.PUERTOVALLARTA\" target=\"_blank\" rel=\"noopener\">p\u00e1gina oficial del festival\u00a0<\/a><\/p>\n<p data-start=\"2400\" data-end=\"2489\" data-is-last-node=\"\" data-is-only-node=\"\"><img loading=\"lazy\" decoding=\"async\" class=\"blazy alignnone size-medium wp-image-20196\" src=\"https:\/\/noticiasal.com.mx\/wp-content\/themes\/news\/assets\/images\/picture_placeholder_list.jpg\" data-src=\"https:\/\/noticiasal.com.mx\/wp-content\/uploads\/2026\/04\/677712774_1494182295734322_8886413445834393626_n-300x300.jpg\" alt=\"\" width=\"300\" height=\"300\" \/><noscript><img loading=\"lazy\" decoding=\"async\" class=\"alignnone size-medium wp-image-20196\" src=\"https:\/\/noticiasal.com.mx\/wp-content\/uploads\/2026\/04\/677712774_1494182295734322_8886413445834393626_n-300x300.jpg\" alt=\"\" width=\"300\" height=\"300\" srcset=\"https:\/\/noticiasal.com.mx\/wp-content\/uploads\/2026\/04\/677712774_1494182295734322_8886413445834393626_n-300x300.jpg 300w, https:\/\/noticiasal.com.mx\/wp-content\/uploads\/2026\/04\/677712774_1494182295734322_8886413445834393626_n-1024x1024.jpg 1024w, https:\/\/noticiasal.com.mx\/wp-content\/uploads\/2026\/04\/677712774_1494182295734322_8886413445834393626_n-150x150.jpg 150w, https:\/\/noticiasal.com.mx\/wp-content\/uploads\/2026\/04\/677712774_1494182295734322_8886413445834393626_n-768x768.jpg 768w, https:\/\/noticiasal.com.mx\/wp-content\/uploads\/2026\/04\/677712774_1494182295734322_8886413445834393626_n-1536x1536.jpg 1536w, https:\/\/noticiasal.com.mx\/wp-content\/uploads\/2026\/04\/677712774_1494182295734322_8886413445834393626_n-65x65.jpg 65w, https:\/\/noticiasal.com.mx\/wp-content\/uploads\/2026\/04\/677712774_1494182295734322_8886413445834393626_n.jpg 1650w\" sizes=\"(max-width: 300px) 100vw, 300px\" \/><\/noscript><img loading=\"lazy\" decoding=\"async\" class=\"blazy alignnone size-medium wp-image-20195\" src=\"https:\/\/noticiasal.com.mx\/wp-content\/themes\/news\/assets\/images\/picture_placeholder_list.jpg\" data-src=\"https:\/\/noticiasal.com.mx\/wp-content\/uploads\/2026\/04\/679838018_1494155952403623_8889509048211883417_n-300x300.jpg\" alt=\"\" width=\"300\" height=\"300\" \/><noscript><img loading=\"lazy\" decoding=\"async\" class=\"alignnone size-medium wp-image-20195\" src=\"https:\/\/noticiasal.com.mx\/wp-content\/uploads\/2026\/04\/679838018_1494155952403623_8889509048211883417_n-300x300.jpg\" alt=\"\" width=\"300\" height=\"300\" srcset=\"https:\/\/noticiasal.com.mx\/wp-content\/uploads\/2026\/04\/679838018_1494155952403623_8889509048211883417_n-300x300.jpg 300w, https:\/\/noticiasal.com.mx\/wp-content\/uploads\/2026\/04\/679838018_1494155952403623_8889509048211883417_n-1024x1024.jpg 1024w, https:\/\/noticiasal.com.mx\/wp-content\/uploads\/2026\/04\/679838018_1494155952403623_8889509048211883417_n-150x150.jpg 150w, https:\/\/noticiasal.com.mx\/wp-content\/uploads\/2026\/04\/679838018_1494155952403623_8889509048211883417_n-768x768.jpg 768w, https:\/\/noticiasal.com.mx\/wp-content\/uploads\/2026\/04\/679838018_1494155952403623_8889509048211883417_n-1536x1536.jpg 1536w, https:\/\/noticiasal.com.mx\/wp-content\/uploads\/2026\/04\/679838018_1494155952403623_8889509048211883417_n-65x65.jpg 65w, https:\/\/noticiasal.com.mx\/wp-content\/uploads\/2026\/04\/679838018_1494155952403623_8889509048211883417_n.jpg 1650w\" sizes=\"(max-width: 300px) 100vw, 300px\" \/><\/noscript><img loading=\"lazy\" decoding=\"async\" class=\"blazy alignnone size-medium wp-image-20194\" src=\"https:\/\/noticiasal.com.mx\/wp-content\/themes\/news\/assets\/images\/picture_placeholder_list.jpg\" data-src=\"https:\/\/noticiasal.com.mx\/wp-content\/uploads\/2026\/04\/678287339_1494192322399986_2638908435065119923_n-300x300.jpg\" alt=\"\" width=\"300\" height=\"300\" \/><noscript><img loading=\"lazy\" decoding=\"async\" class=\"alignnone size-medium wp-image-20194\" src=\"https:\/\/noticiasal.com.mx\/wp-content\/uploads\/2026\/04\/678287339_1494192322399986_2638908435065119923_n-300x300.jpg\" alt=\"\" width=\"300\" height=\"300\" srcset=\"https:\/\/noticiasal.com.mx\/wp-content\/uploads\/2026\/04\/678287339_1494192322399986_2638908435065119923_n-300x300.jpg 300w, https:\/\/noticiasal.com.mx\/wp-content\/uploads\/2026\/04\/678287339_1494192322399986_2638908435065119923_n-1024x1024.jpg 1024w, https:\/\/noticiasal.com.mx\/wp-content\/uploads\/2026\/04\/678287339_1494192322399986_2638908435065119923_n-150x150.jpg 150w, https:\/\/noticiasal.com.mx\/wp-content\/uploads\/2026\/04\/678287339_1494192322399986_2638908435065119923_n-768x768.jpg 768w, https:\/\/noticiasal.com.mx\/wp-content\/uploads\/2026\/04\/678287339_1494192322399986_2638908435065119923_n-1536x1536.jpg 1536w, https:\/\/noticiasal.com.mx\/wp-content\/uploads\/2026\/04\/678287339_1494192322399986_2638908435065119923_n-65x65.jpg 65w, https:\/\/noticiasal.com.mx\/wp-content\/uploads\/2026\/04\/678287339_1494192322399986_2638908435065119923_n.jpg 1650w\" sizes=\"(max-width: 300px) 100vw, 300px\" \/><\/noscript><img loading=\"lazy\" decoding=\"async\" class=\"blazy alignnone size-medium wp-image-20193\" src=\"https:\/\/noticiasal.com.mx\/wp-content\/themes\/news\/assets\/images\/picture_placeholder_list.jpg\" data-src=\"https:\/\/noticiasal.com.mx\/wp-content\/uploads\/2026\/04\/677014154_1494213529064532_4852968569881510823_n-300x300.jpg\" alt=\"\" width=\"300\" height=\"300\" \/><noscript><img loading=\"lazy\" decoding=\"async\" class=\"alignnone size-medium wp-image-20193\" src=\"https:\/\/noticiasal.com.mx\/wp-content\/uploads\/2026\/04\/677014154_1494213529064532_4852968569881510823_n-300x300.jpg\" alt=\"\" width=\"300\" height=\"300\" srcset=\"https:\/\/noticiasal.com.mx\/wp-content\/uploads\/2026\/04\/677014154_1494213529064532_4852968569881510823_n-300x300.jpg 300w, https:\/\/noticiasal.com.mx\/wp-content\/uploads\/2026\/04\/677014154_1494213529064532_4852968569881510823_n-1024x1024.jpg 1024w, https:\/\/noticiasal.com.mx\/wp-content\/uploads\/2026\/04\/677014154_1494213529064532_4852968569881510823_n-150x150.jpg 150w, https:\/\/noticiasal.com.mx\/wp-content\/uploads\/2026\/04\/677014154_1494213529064532_4852968569881510823_n-768x768.jpg 768w, https:\/\/noticiasal.com.mx\/wp-content\/uploads\/2026\/04\/677014154_1494213529064532_4852968569881510823_n-1536x1536.jpg 1536w, https:\/\/noticiasal.com.mx\/wp-content\/uploads\/2026\/04\/677014154_1494213529064532_4852968569881510823_n-65x65.jpg 65w, https:\/\/noticiasal.com.mx\/wp-content\/uploads\/2026\/04\/677014154_1494213529064532_4852968569881510823_n.jpg 1650w\" sizes=\"(max-width: 300px) 100vw, 300px\" \/><\/noscript><\/p>\n<p data-start=\"2400\" data-end=\"2489\" data-is-last-node=\"\" data-is-only-node=\"\">\n","protected":false},"excerpt":{"rendered":"<p>Del 27 al 30 de abril, Festival Internacional de Cine en Puerto Vallarta 2026 celebrar\u00e1 su edici\u00f3n n\u00famero 26 con una agenda que re\u00fane proyecciones, actividades acad\u00e9micas y encuentros con talento cinematogr\u00e1fico en distintas sedes de la ciudad. El festival, organizado por el Centro Universitario de la Costa de la Universidad de Guadalajara, tendr\u00e1 como [&hellip;]<\/p>\n","protected":false},"author":25,"featured_media":20192,"comment_status":"open","ping_status":"closed","sticky":false,"template":"","format":"standard","meta":{"footnotes":""},"categories":[159],"tags":[1543,337,1544,187,592],"class_list":["post-20191","post","type-post","status-publish","format-standard","has-post-thumbnail","hentry","category-puerto-vallarta","tag-cine","tag-cucosta","tag-ficpv","tag-puerto-vallarta","tag-u-de-g"],"_links":{"self":[{"href":"https:\/\/noticiasal.com.mx\/index.php\/wp-json\/wp\/v2\/posts\/20191"}],"collection":[{"href":"https:\/\/noticiasal.com.mx\/index.php\/wp-json\/wp\/v2\/posts"}],"about":[{"href":"https:\/\/noticiasal.com.mx\/index.php\/wp-json\/wp\/v2\/types\/post"}],"author":[{"embeddable":true,"href":"https:\/\/noticiasal.com.mx\/index.php\/wp-json\/wp\/v2\/users\/25"}],"replies":[{"embeddable":true,"href":"https:\/\/noticiasal.com.mx\/index.php\/wp-json\/wp\/v2\/comments?post=20191"}],"version-history":[{"count":1,"href":"https:\/\/noticiasal.com.mx\/index.php\/wp-json\/wp\/v2\/posts\/20191\/revisions"}],"predecessor-version":[{"id":20197,"href":"https:\/\/noticiasal.com.mx\/index.php\/wp-json\/wp\/v2\/posts\/20191\/revisions\/20197"}],"wp:featuredmedia":[{"embeddable":true,"href":"https:\/\/noticiasal.com.mx\/index.php\/wp-json\/wp\/v2\/media\/20192"}],"wp:attachment":[{"href":"https:\/\/noticiasal.com.mx\/index.php\/wp-json\/wp\/v2\/media?parent=20191"}],"wp:term":[{"taxonomy":"category","embeddable":true,"href":"https:\/\/noticiasal.com.mx\/index.php\/wp-json\/wp\/v2\/categories?post=20191"},{"taxonomy":"post_tag","embeddable":true,"href":"https:\/\/noticiasal.com.mx\/index.php\/wp-json\/wp\/v2\/tags?post=20191"}],"curies":[{"name":"wp","href":"https:\/\/api.w.org\/{rel}","templated":true}]}}