{"id":20201,"date":"2026-04-25T04:29:46","date_gmt":"2026-04-25T04:29:46","guid":{"rendered":"https:\/\/noticiasal.com.mx\/?p=20201"},"modified":"2026-04-25T04:29:46","modified_gmt":"2026-04-25T04:29:46","slug":"jalisco-sera-el-primer-estado-de-la-republica-mexicana-en-tener-una-red-de-hospitales-escuela","status":"publish","type":"post","link":"https:\/\/noticiasal.com.mx\/index.php\/2026\/04\/25\/jalisco-sera-el-primer-estado-de-la-republica-mexicana-en-tener-una-red-de-hospitales-escuela\/","title":{"rendered":"Jalisco ser\u00e1 el primer estado de la Rep\u00fablica Mexicana en tener una red de Hospitales-Escuela"},"content":{"rendered":"<p>Pablo Lemus Navarro, Gobernador del Estado, y Karla Planter P\u00e9rez, Rectora General de la Universidad de Guadalajara (UdeG), encabezaron la presentaci\u00f3n del proyecto para el Hospital Civil de la Costa, en Puerto Vallarta<\/p>\n<p>El nosocomio ser\u00e1 parte de la primera Red de Hospitales-Escuela en M\u00e9xico, con un modelo educativo para que estudiantes de medicina, enfermer\u00eda y otras ciencias de la salud, realicen sus pr\u00e1cticas, internado y especialidades en sus regiones de origen<\/p>\n<p>Atender\u00e1 a m\u00e1s de 314 mil personas sin seguridad social de seis municipios de Jalisco y tres municipios m\u00e1s de Nayarit, descentralizando la atenci\u00f3n m\u00e9dica de especialidad y alta especialidad del \u00c1rea Metropolitana de Guadalajara<\/p>\n<p>Jalisco inicia con las acciones para ser el primer estado en la Rep\u00fablica Mexicana en contar con la primera red de Hospitales &#8211; Escuela, con un modelo realizado entre el Gobierno del Estado y la Universidad de Guadalajara (UdeG), para que estudiantes de medicina, enfermer\u00eda y otras ciencias de la salud, realicen sus pr\u00e1cticas, internado y especialidades en sus regiones de origen.<\/p>\n<p>Pablo Lemus Navarro, Gobernador del Estado, y Karla Planter P\u00e9rez, Rectora General de la Universidad de Guadalajara (UdeG), encabezaron la presentaci\u00f3n del proyecto para el Hospital Civil de la Costa, en Puerto Vallarta.<\/p>\n<blockquote><p>\u201cDebemos fortalecer a las regiones con educaci\u00f3n, con salud, con oportunidades de trabajo, y toda esa relaci\u00f3n de ganar- ganar es esto que estamos iniciando el d\u00eda de hoy\u201d, afirm\u00f3 el mandatario estatal.<\/p><\/blockquote>\n<p>Este Hospital &#8211; Escuela fortalecer\u00e1 la infraestructura hospitalaria en la regi\u00f3n Costa de Jalisco, con una inversi\u00f3n que alcanzar\u00e1 los mil 197 millones de pesos en un esquema compartido entre el Gobierno de Jalisco y la Universidad de Guadalajara.<\/p>\n<p>El \u00e1rea beneficiada por la construcci\u00f3n del hospital abarcar\u00e1 nueve municipios en total; esto es, seis de Jalisco y tres m\u00e1s de Nayarit, con una poblaci\u00f3n de 646 mil 380 personas, de las cuales, 314 mil 226 personas carecen de seguridad social.<\/p>\n<p>Los municipios beneficiados de Jalisco son Cabo Corrientes, Mascota, Puerto Vallarta, San Sebasti\u00e1n del Oeste, Talpa de Allende y Tomatl\u00e1n, mientras que los ubicados en Nayarit son Compostela, Bah\u00eda de Banderas y San Pedro Lagunillas.<\/p>\n<p>El hospital estar\u00e1 asentado en una superficie de 35 mil 486 metros cuadrados y ser\u00e1 construido por la Secretar\u00eda de Infraestructura y Obra P\u00fablica (SIOP). Contar\u00e1 con 3 mil 710 metros cuadrados de construcci\u00f3n, con 13 unidades especializadas, y 2 mil 691 metros cuadrados de ense\u00f1anza e investigaci\u00f3n.<\/p>\n<blockquote><p>Tendr\u00e1 180 camas censables y 100 camas no censables, adem\u00e1s de brindar servicio en 13 unidades especializadas, 62 especialidades y subespecialidades.<\/p><\/blockquote>\n<p>El Gobernador del Estado, Pablo Lemus, destac\u00f3 que el legado de Fray Antonio Alcalde y Barriga trasciende en la actualidad, con la continuaci\u00f3n de acciones para expandir el servicio y la vocaci\u00f3n de los Hospitales Civiles de Guadalajara, para llegar a todo Jalisco.<\/p>\n<p>Agreg\u00f3 que se busca, de manera pr\u00e1ctica, que las y los m\u00e9dicos estudien, realicen sus pr\u00e1cticas profesionales y posteriormente trabajen y se queden a vivir y servir en sus regiones de origen.<\/p>\n<p>\u201c\u00bfQu\u00e9 es lo que estamos buscando de manera pr\u00e1ctica? Que las y los m\u00e9dicos uno, estudien, dos, hagan sus pr\u00e1cticas, tres, que trabajen y se queden a vivir en sus regiones de origen, que ah\u00ed donde nacieron estudiaron, aprendieron se queden al servicio de la ciudadan\u00eda\u201d, explic\u00f3 Pablo Lemus.<\/p>\n<p>Esta ser\u00e1 una obra estrat\u00e9gica que combinar\u00e1 servicios m\u00e9dicos de alta especialidad con funciones acad\u00e9micas para la formaci\u00f3n de nuevas generaciones de profesionales de la salud.<\/p>\n<p>El Gobernador del Estado explic\u00f3 que la construcci\u00f3n de estos proyectos compartidos con la UdeG lograr\u00e1 revertir el proceso de gentrificaci\u00f3n que vive el \u00c1rea Metropolitana de Guadalajara (AMG), al propiciar el fortalecimiento de las regiones con educaci\u00f3n, oportunidades, servicios de salud y trabajo.<\/p>\n<p>Indic\u00f3 que la generosidad que mostr\u00f3 Fray Antonio Alcalde en su \u00e9poca, se trabaja en la actualidad y se ve reflejada a trav\u00e9s del trabajo conjunto entre el Gobierno de Jalisco, la Universidad de Guadalajara, el Congreso del Estado y los Municipios.<\/p>\n<p>Lemus Navarro agreg\u00f3 que este ser\u00e1 el primer de muchos Hospitales &#8211; Escuelas que se expandir\u00e1n a trav\u00e9s de las principales regiones de Jalisco.<\/p>\n<p>\u201cEste es el primero de muchos (&#8230;) Ya tenemos el Hospital Civil (\u2018Fray Antonio Alcalde\u2019), tenemos el (Hospital Civil) Juan I. Menchaca, el Hospital Civil de Oriente, hoy ponemos la primera piedra del hospital Civil de Puerto Vallarta, y despu\u00e9s nos vamos a Ciudad Guzm\u00e1n, en Zapotl\u00e1n el Grande\u201d, anunci\u00f3 el Gobernador.<\/p>\n<p>Karla Planter P\u00e9rez, Rectora General de la Universidad de Guadalajara, celebr\u00f3 que, a m\u00e1s de un a\u00f1o de la concepci\u00f3n de este proyecto, a trav\u00e9s del Hospital Civil se realiz\u00f3 un estudio profundo para conocer las caracter\u00edsticas y necesidades de las comunidades.<\/p>\n<p>Es por ello que, dijo, que Puerto Vallarta acogiera el primer hospital de la ampliaci\u00f3n de la red de Hospitales Civiles fuera de la AMG.<\/p>\n<p>Para la profesionalizaci\u00f3n y formaci\u00f3n de los servicios m\u00e9dicos y especialistas, explic\u00f3 que son necesarios los campos cl\u00ednicos, con los hospitales de tercer nivel que ofrezcan los cursos de alta hospitalizaci\u00f3n, siendo el binomio el modelo Hospital &#8211; Escuela, funcionando y siendo un \u00e9xito que llev\u00f3 a cabo Fray Antonio Alcalde.<\/p>\n<p>Ante la comunidad universitaria del CUCosta, la Rectora General de la Casa de Estudios, destac\u00f3 que, cuando los profesionistas se quedan en su lugar de origen se empieza a impactar la regi\u00f3n avanzando hacia el desarrollo social, profesional, cultural y econ\u00f3mico de las comunidades.<\/p>\n<p>\u201cCuando uno habla de proyectos de alto calado, de alto alcance nos trascienden en el tiempo\u201d, agreg\u00f3.<\/p>\n<p>Mar\u00eda Elena Gonz\u00e1lez Gonz\u00e1lez, Directora del OPD Hospitales Civiles de Guadalajara, manifest\u00f3 que este anuncio es la consolidaci\u00f3n de la Red Hospitales Civiles bajo el modelo Hospitales &#8211; Escuela, siendo una apuesta para el presente y un adelanto hacia el futuro con la garant\u00eda de brindar atenci\u00f3n m\u00e9dica de calidad.<\/p>\n<p>\u201c(Esto es) la consolidaci\u00f3n de esta red, con la construcci\u00f3n de este Hospital Civil de Guadalajara de la Costa, con el modelo universitario de Hospital &#8211; Escuela que va a beneficiar a m\u00e1s de 300 mil personas que residen en la zona de influencia\u201d, explic\u00f3 Gonz\u00e1lez Gonz\u00e1lez.<\/p>\n<p>Se participar\u00e1 en resarcir los problemas de atenci\u00f3n a la salud, derivado del aumento y crecimiento de esta regi\u00f3n, con un hospital de tercer nivel y que, a su vez, ser\u00e1 formador con campos cl\u00ednicos para todo el personal de la salud.<\/p>\n<p><img loading=\"lazy\" decoding=\"async\" class=\"blazy aligncenter wp-image-20203 size-full\" src=\"https:\/\/noticiasal.com.mx\/wp-content\/themes\/news\/assets\/images\/picture_placeholder_list.jpg\" data-src=\"https:\/\/noticiasal.com.mx\/wp-content\/uploads\/2026\/04\/55227207502_8ae16c1915_c.jpg\" alt=\"\" width=\"799\" height=\"533\" \/><noscript><img loading=\"lazy\" decoding=\"async\" class=\"aligncenter wp-image-20203 size-full\" src=\"https:\/\/noticiasal.com.mx\/wp-content\/uploads\/2026\/04\/55227207502_8ae16c1915_c.jpg\" alt=\"\" width=\"799\" height=\"533\" srcset=\"https:\/\/noticiasal.com.mx\/wp-content\/uploads\/2026\/04\/55227207502_8ae16c1915_c.jpg 799w, https:\/\/noticiasal.com.mx\/wp-content\/uploads\/2026\/04\/55227207502_8ae16c1915_c-300x200.jpg 300w, https:\/\/noticiasal.com.mx\/wp-content\/uploads\/2026\/04\/55227207502_8ae16c1915_c-768x512.jpg 768w\" sizes=\"(max-width: 799px) 100vw, 799px\" \/><\/noscript><\/p>\n<p>Mar\u00eda Elena Gonz\u00e1lez dijo que este hospital universitario evitar\u00e1 el traslado de la poblaci\u00f3n a la capital del Estado, ya que aqu\u00ed se tendr\u00e1n atenciones con especialidad m\u00e9dicas y de alta especialidad.<\/p>\n<p>\u201cHoy estamos afirmando una convicci\u00f3n muy profunda, la salud es un derecho que debe de vivirse con dignidad, con cercan\u00eda y sobre todo con calidad para todas las personas\u201d, declar\u00f3.<\/p>\n<p>El proyecto visualiza la construcci\u00f3n de cinco niveles y contar\u00e1 con \u00e1reas de hospitalizaci\u00f3n general, gabinetes de diagn\u00f3stico, unidades especializadas, \u00e1reas de ense\u00f1anza e investigaci\u00f3n, espacios para auxiliares de diagn\u00f3stico, tratamiento, param\u00e9dicos, as\u00ed como tambi\u00e9n albergar\u00e1 la sede de gobierno, administraci\u00f3n y servicios generales.<\/p>\n<p>Ser\u00e1n 15 espacios en planta baja, en donde se ubicar\u00e1 desde \u00e1reas especializadas de urgencias pedi\u00e1tricas y adultos, farmacia, laboratorio cl\u00ednico, medicina preventiva y archivo.<\/p>\n<p>En el primer piso se albergar\u00e1n las \u00e1reas de terapia intensiva, quir\u00f3fanos, unidad de hemodi\u00e1lisis y en el segundo nivel se ubicar\u00e1 la unidad de vigilancia epidemiolog\u00eda, trabajo social, ense\u00f1anza e investigaci\u00f3n.<\/p>\n<p>En el tercer nivel se incluye psicolog\u00eda cl\u00ednica, gabinete de cardiolog\u00eda, neurofisiolog\u00eda, cl\u00ednica de heridas y ostom\u00eda.<\/p>\n<p>El cuarto nivel contar\u00e1 con \u00e1reas de hospitalizaci\u00f3n de pediatr\u00eda, de ginecoobstetricia, nutrici\u00f3n cl\u00ednica y el quinto nivel hospitalizaci\u00f3n de medicina interna, y hospitalizaci\u00f3n de cirug\u00eda, circulaci\u00f3n vertical.<\/p>\n<p>Luis Ernesto Mungu\u00eda Gonz\u00e1lez, Presidente Municipal de Puerto Vallarta, dijo que esta demarcaci\u00f3n ahora contar\u00e1 con uno de los proyectos m\u00e1s trascendentales en materia de salud, que se consolidar\u00e1 con el trabajo en equipo, en una alianza que impactar\u00e1 a las y los vallartenses en su desarrollo y en su cuidado a la salud.<\/p>\n<p>En el evento tambi\u00e9n estuvieron presentes Alberto Esquer Guti\u00e9rrez, Jefe de Gabinete del Gobierno del Estado; Andrea Blanco Calder\u00f3n, Coordinadora General Estrat\u00e9gica de Desarrollo Social; David Zamora Bueno, Secretario de Infraestructura y Obra P\u00fablica; Mar\u00eda Esther Avelar \u00c1lvarez, Rectora del Centro Universitario de la Costa; y H\u00e9ctor Ra\u00fal P\u00e9rez G\u00f3mez, Secretario de Salud del Gobierno del Estado; entre otras personalidades y beneficiados.<\/p>\n<p>Para saber m\u00e1s:<\/p>\n<p>El Hospital Civil de la Costa se sumar\u00e1 a los los Hospitales Civiles de Guadalajara \u201cFray Antonio Alcalde\u201d y \u201cJuan I. Menchaca\u201d, el Hospital Civil de Oriente, en Tonal\u00e1, y el futuro Hospital Civil de Guadalajara del Sur-Sureste en Zapotl\u00e1n el Grande, cuyo inicio est\u00e1 programado en 2027.<\/p>\n<p>Se conformar\u00e1 as\u00ed una red de cobertura regional hist\u00f3rica, \u00fanica en M\u00e9xico, que descentraliza la atenci\u00f3n m\u00e9dica en el estado, reduciendo la brecha de atenci\u00f3n de especialidad y fortaleciendo el arraigo de nuevos m\u00e9dicos y m\u00e9dicas en la zona.<\/p>\n","protected":false},"excerpt":{"rendered":"<p>Pablo Lemus Navarro, Gobernador del Estado, y Karla Planter P\u00e9rez, Rectora General de la Universidad de Guadalajara (UdeG), encabezaron la presentaci\u00f3n del proyecto para el Hospital Civil de la Costa, en Puerto Vallarta El nosocomio ser\u00e1 parte de la primera Red de Hospitales-Escuela en M\u00e9xico, con un modelo educativo para que estudiantes de medicina, enfermer\u00eda [&hellip;]<\/p>\n","protected":false},"author":25,"featured_media":20202,"comment_status":"open","ping_status":"closed","sticky":false,"template":"","format":"standard","meta":{"footnotes":""},"categories":[159],"tags":[],"class_list":["post-20201","post","type-post","status-publish","format-standard","has-post-thumbnail","hentry","category-puerto-vallarta"],"_links":{"self":[{"href":"https:\/\/noticiasal.com.mx\/index.php\/wp-json\/wp\/v2\/posts\/20201"}],"collection":[{"href":"https:\/\/noticiasal.com.mx\/index.php\/wp-json\/wp\/v2\/posts"}],"about":[{"href":"https:\/\/noticiasal.com.mx\/index.php\/wp-json\/wp\/v2\/types\/post"}],"author":[{"embeddable":true,"href":"https:\/\/noticiasal.com.mx\/index.php\/wp-json\/wp\/v2\/users\/25"}],"replies":[{"embeddable":true,"href":"https:\/\/noticiasal.com.mx\/index.php\/wp-json\/wp\/v2\/comments?post=20201"}],"version-history":[{"count":1,"href":"https:\/\/noticiasal.com.mx\/index.php\/wp-json\/wp\/v2\/posts\/20201\/revisions"}],"predecessor-version":[{"id":20204,"href":"https:\/\/noticiasal.com.mx\/index.php\/wp-json\/wp\/v2\/posts\/20201\/revisions\/20204"}],"wp:featuredmedia":[{"embeddable":true,"href":"https:\/\/noticiasal.com.mx\/index.php\/wp-json\/wp\/v2\/media\/20202"}],"wp:attachment":[{"href":"https:\/\/noticiasal.com.mx\/index.php\/wp-json\/wp\/v2\/media?parent=20201"}],"wp:term":[{"taxonomy":"category","embeddable":true,"href":"https:\/\/noticiasal.com.mx\/index.php\/wp-json\/wp\/v2\/categories?post=20201"},{"taxonomy":"post_tag","embeddable":true,"href":"https:\/\/noticiasal.com.mx\/index.php\/wp-json\/wp\/v2\/tags?post=20201"}],"curies":[{"name":"wp","href":"https:\/\/api.w.org\/{rel}","templated":true}]}}