{"id":20212,"date":"2026-04-25T05:59:52","date_gmt":"2026-04-25T05:59:52","guid":{"rendered":"https:\/\/noticiasal.com.mx\/?p=20212"},"modified":"2026-04-25T06:06:46","modified_gmt":"2026-04-25T06:06:46","slug":"entre-piales-y-manganas-no-dejes-para-manana-tu-terquedad-de-hoy","status":"publish","type":"post","link":"https:\/\/noticiasal.com.mx\/index.php\/2026\/04\/25\/entre-piales-y-manganas-no-dejes-para-manana-tu-terquedad-de-hoy\/","title":{"rendered":"Entre Piales y Manganas: \u201cNo dejes para ma\u00f1ana tu terquedad de hoy\u201d  \u00a0"},"content":{"rendered":"<ul>\n<li><strong>Continua la actividad charra con el Circuito Bah\u00eda<\/strong><\/li>\n<\/ul>\n<p>Pues nada que luego de la eliminatoria estatal de la Zona Costa, este s\u00e1bado los equipos de la regi\u00f3n se medir\u00e1n en lo que es la tercera fecha del Circuito Bah\u00eda, ahora a realizarse en el lienzo charro La Pur\u00edsima Concepci\u00f3n de El Porvenir<\/p>\n<p>La primera charreada es a las 2 de la tarde y estar\u00e1n los equipos Rancho La Quinta, Charros de Sayulita el Purrulum, Alazanes de Bucer\u00edas y Rancho La Noria.<\/p>\n<p>A las 6 de la tarde, veremos a Charros de San Jos\u00e9 del Valle, Hermanos Ram\u00edrez, a los charros del Valle de Banderas y a los due\u00f1os del jacal, El Porvenir.<\/p>\n<p>Se est\u00e1 poniendo interesante el circuito y hay que mencionar que los del Rancho La Quinta de los Cervantes, van a la cabeza con 644 puntos, le siguen los Gonz\u00e1lez del Rancho La Noria, con 622 y en la tercera posici\u00f3n vemos a Valle de Banderas con 510 tantos.<\/p>\n<p>En la cuarta posici\u00f3n est\u00e1n los del Purrul\u00fam de Sayulita, a pa\u00b4 nombrecito, con 404 empatados con los Charros del Porvenir, s\u00f3lo que estos tienen m\u00e1s puntos malos, a saber 46 y los pum 28.<\/p>\n<p>Luego est\u00e1n los de San Jos\u00e9 del Valle, equipo que no ha podido repuntar y sus 350, por 288 puntos de los Hermanos Ram\u00edrez. En fin, la jornada promete y esperemos que hagan muchos puntos, no como en el estatal que salieron todos paniqueados.<\/p>\n<figure id=\"attachment_20216\" aria-describedby=\"caption-attachment-20216\" style=\"width: 801px\" class=\"wp-caption aligncenter\"><img loading=\"lazy\" decoding=\"async\" class=\"blazy wp-image-20216 \" src=\"https:\/\/noticiasal.com.mx\/wp-content\/themes\/news\/assets\/images\/picture_placeholder_list.jpg\" data-src=\"https:\/\/noticiasal.com.mx\/wp-content\/uploads\/2026\/04\/Circuito-Bahia.jpg\" alt=\"\" width=\"801\" height=\"458\" \/><figcaption id=\"caption-attachment-20216\" class=\"wp-caption-text\"><noscript><img loading=\"lazy\" decoding=\"async\" class=\"wp-image-20216 \" src=\"https:\/\/noticiasal.com.mx\/wp-content\/uploads\/2026\/04\/Circuito-Bahia.jpg\" alt=\"\" width=\"801\" height=\"458\" srcset=\"https:\/\/noticiasal.com.mx\/wp-content\/uploads\/2026\/04\/Circuito-Bahia.jpg 1167w, https:\/\/noticiasal.com.mx\/wp-content\/uploads\/2026\/04\/Circuito-Bahia-300x171.jpg 300w, https:\/\/noticiasal.com.mx\/wp-content\/uploads\/2026\/04\/Circuito-Bahia-1024x585.jpg 1024w, https:\/\/noticiasal.com.mx\/wp-content\/uploads\/2026\/04\/Circuito-Bahia-768x439.jpg 768w\" sizes=\"(max-width: 801px) 100vw, 801px\" \/><\/noscript> <br \/>Circuito Bah\u00eda ser\u00e1 su tercera fecha en el lienzo charro de El Porvenir este s\u00e1bado<\/figcaption><\/figure>\n<p><strong>Actividad en Tepic este domingo<\/strong><\/p>\n<p>Hablando de estatales, para este domingo y de acuerdo a lo que nos inform\u00f3 Fidel L\u00f3pez, encargado de prensa de la Uni\u00f3n de Nayarit, la cual comanda el m\u00e9dico Juan Reynosa, este domingo en el lienzo charro El Dorado, ser\u00e1 la eliminatoria del Campeonato Estatal oficial y anual Zona Centro de Nayarit 2026, iniciando a las 10 de la ma\u00f1ana con una ceremonia de inauguraci\u00f3n, con mucha pompa y circunstancia. A las 11 de la ma\u00f1ana, iniciar\u00e1 la primera competencia con los multicampeones y renovados charros del Rancho El Quevede\u00f1o, el equipo presidencial del Rancho Los Toriles y Rancho El Armadillo de la familia Garc\u00eda.<\/p>\n<p>A las 3 de la tarde vamos a ver a los decanos nayaritas, Charros de Tepic, con los Gonz\u00e1lez del Valle de Matatipac y los serranos de la Monta\u00f1a Negra.<\/p>\n<p>A las 6 de la tarde. Estar\u00e1n presentes Los Reyes del Puente de Camotl\u00e1n, junto con el equipo de San Pedro Lagunillas, Rancho La Ca\u00f1ada y el equipo de la escuela charra Manuel Delgado.<\/p>\n<p>Las escaramuzas tendr\u00e1n otra fecha para ellas solas, y veremos si las Alazanas ser\u00e1n capaces de mantenerse otro a\u00f1o como campeonas estatales.<\/p>\n<figure id=\"attachment_20214\" aria-describedby=\"caption-attachment-20214\" style=\"width: 1010px\" class=\"wp-caption aligncenter\"><img loading=\"lazy\" decoding=\"async\" class=\"blazy wp-image-20214 size-full\" src=\"https:\/\/noticiasal.com.mx\/wp-content\/themes\/news\/assets\/images\/picture_placeholder_list.jpg\" data-src=\"https:\/\/noticiasal.com.mx\/wp-content\/uploads\/2026\/04\/EStatal-Cora-1.jpg\" alt=\"\" width=\"1010\" height=\"1288\" \/><figcaption id=\"caption-attachment-20214\" class=\"wp-caption-text\"><noscript><img loading=\"lazy\" decoding=\"async\" class=\"wp-image-20214 size-full\" src=\"https:\/\/noticiasal.com.mx\/wp-content\/uploads\/2026\/04\/EStatal-Cora-1.jpg\" alt=\"\" width=\"1010\" height=\"1288\" srcset=\"https:\/\/noticiasal.com.mx\/wp-content\/uploads\/2026\/04\/EStatal-Cora-1.jpg 1010w, https:\/\/noticiasal.com.mx\/wp-content\/uploads\/2026\/04\/EStatal-Cora-1-235x300.jpg 235w, https:\/\/noticiasal.com.mx\/wp-content\/uploads\/2026\/04\/EStatal-Cora-1-803x1024.jpg 803w, https:\/\/noticiasal.com.mx\/wp-content\/uploads\/2026\/04\/EStatal-Cora-1-768x979.jpg 768w\" sizes=\"(max-width: 1010px) 100vw, 1010px\" \/><\/noscript> Este domingo habr\u00e1 actividad estatal en la ciudad de Tepic y aqu\u00ed vemos la imagen oficial del campeonato.<\/figcaption><\/figure>\n<p><strong>Caballos y algunos equinos famosos.<\/strong><\/p>\n<p>La palabra Mustang proviene del t\u00e9rmino espa\u00f1ol meste\u00f1o, que significa caballo perdido o sin due\u00f1o, y se cree que la raza evolucion\u00f3 a partir de los caballos que los colonos espa\u00f1oles llevaron consigo al continente americano en el siglo XVII, algunos huyeron para formar mandas en libertad.<\/p>\n<p>Si bien el Mustang carece del porte del caballo andaluz o la belleza del \u00e1rabe, el mustang posee una incre\u00edble resistencia y robustez, y es capaz de sobrevivir en los terrenos m\u00e1s inh\u00f3spitos, lo cual le vali\u00f3 la salvaci\u00f3n.<\/p>\n<p>Despu\u00e9s del mustang, quiz\u00e1 la raza americana m\u00e1s famosa sea el cuarto de milla, cuyo nombre deriva de haber sido criado para disputar carreras de esa distancia (unos 400 metros). A menudo se dice, err\u00f3neamente que el nombre le viene por el hecho de ser un cuarto de purasangre ingl\u00e9s.<\/p>\n<figure id=\"attachment_20215\" aria-describedby=\"caption-attachment-20215\" style=\"width: 670px\" class=\"wp-caption aligncenter\"><img loading=\"lazy\" decoding=\"async\" class=\"blazy wp-image-20215 \" src=\"https:\/\/noticiasal.com.mx\/wp-content\/themes\/news\/assets\/images\/picture_placeholder_list.jpg\" data-src=\"https:\/\/noticiasal.com.mx\/wp-content\/uploads\/2026\/04\/Mustang.jpeg\" alt=\"\" width=\"670\" height=\"408\" \/><figcaption id=\"caption-attachment-20215\" class=\"wp-caption-text\"><noscript><img loading=\"lazy\" decoding=\"async\" class=\"wp-image-20215 \" src=\"https:\/\/noticiasal.com.mx\/wp-content\/uploads\/2026\/04\/Mustang.jpeg\" alt=\"\" width=\"670\" height=\"408\" srcset=\"https:\/\/noticiasal.com.mx\/wp-content\/uploads\/2026\/04\/Mustang.jpeg 965w, https:\/\/noticiasal.com.mx\/wp-content\/uploads\/2026\/04\/Mustang-300x183.jpeg 300w, https:\/\/noticiasal.com.mx\/wp-content\/uploads\/2026\/04\/Mustang-768x468.jpeg 768w\" sizes=\"(max-width: 670px) 100vw, 670px\" \/><\/noscript> Mustang.- Caballos salvajes que se criaron en las planicies de Norteam\u00e9rica<\/figcaption><\/figure>\n<p>El cuarto de milla es descendiente de los 16 sementales que en 1611 se llevaron de Inglaterra a Virginia, Estados Unidos, para su recr\u00eda, y de caballos espa\u00f1oles con los que se cruzaron. El resultado de esta cruza fue un ejemplar compacto y musculoso, recio y \u00e1gil, y desde 1665 se le reconoci\u00f3 como raza.<\/p>\n<p>El appaloosa, caballo moteado reconocible al instante, esta raza fue desarrollada por los indios por los indios nez perc\u00e9 (nariz horadada) e los estados de Oregon, Washington e Idaho, y su nombre proviene del R\u00edo Palouse, en una de las regiones de cr\u00eda principales.<\/p>\n<p>En ning\u00fan otro lugar del mundo el caballo pinto se considera una raza equina, sino meramente un color. S\u00f3lo en Norteam\u00e9rica goza de categor\u00eda de raza y desde hace relativamente poco tiempo, puesto que no fue reconocida hasta 1963. Su nombre deriva de la palabra pintado, que lo describe a la perfecci\u00f3n.<\/p>\n<p>Hern\u00e1n Cort\u00e9s trajo consigo diecinueve caballos, los cuales pisaron tierra mexicana el 21 de abril de 1519.<\/p>\n<p>Los caballos que Cort\u00e9s trajo han sido considerados err\u00f3neamente como los fundadores de la ganader\u00eda equina en M\u00e9xico, a pesar de haber sido los primeros animales llegados a estas tierras, m\u00e1s fueron usados en la guerra que en la reproducci\u00f3n, adem\u00e1s, casi todos murieron en la refriega. Por lo tanto, esos caballos no pudieron ser los generadores de la caballada mexicana, unos porque no eran gara\u00f1ones y otros porque sucumbieron en la lucha.<\/p>\n<p>Esta raza de caballos, lo mismo que los llevados a Per\u00fa, proven\u00eda de una famosa cr\u00eda de C\u00f3rdoba que para esa \u00e9poca ya estaba extinta. Dicha cr\u00eda se form\u00f3 durante el Califato de C\u00f3rdoba por cuatro gara\u00f1ones tra\u00eddos del Yemen, que fueron cruzados con yeguas nativas espa\u00f1olas.<\/p>\n<p>Algunos caballos han sido nombrados por su calidad, o por alg\u00fan hecho curioso del que fueron protagonistas, por ejemplo \u201cEl Arriero\u201d caballo que fue de Hern\u00e1n Cort\u00e9s, quien hizo creer a los emisarios de Moctezuma que el caballo estaba disgustado con ellos, porque no estaban dispuestos a aceptar por superior y monarca al Rey de Espa\u00f1a.<\/p>\n<p>&nbsp;<\/p>\n<p>&nbsp;<\/p>\n<p>.<\/p>\n","protected":false},"excerpt":{"rendered":"<p>Continua la actividad charra con el Circuito Bah\u00eda Pues nada que luego de la eliminatoria estatal de la Zona Costa, este s\u00e1bado los equipos de la regi\u00f3n se medir\u00e1n en lo que es la tercera fecha del Circuito Bah\u00eda, ahora a realizarse en el lienzo charro La Pur\u00edsima Concepci\u00f3n de El Porvenir La primera charreada [&hellip;]<\/p>\n","protected":false},"author":3,"featured_media":20216,"comment_status":"open","ping_status":"closed","sticky":false,"template":"","format":"standard","meta":{"footnotes":""},"categories":[157,153],"tags":[556,1546,228,1548,1547],"class_list":["post-20212","post","type-post","status-publish","format-standard","has-post-thumbnail","hentry","category-charreria","category-opinion","tag-adan-leyva-avalos","tag-circuito-bahia","tag-entre-piales-y-manganas","tag-mustang","tag-rancho-el-quevedeno"],"_links":{"self":[{"href":"https:\/\/noticiasal.com.mx\/index.php\/wp-json\/wp\/v2\/posts\/20212"}],"collection":[{"href":"https:\/\/noticiasal.com.mx\/index.php\/wp-json\/wp\/v2\/posts"}],"about":[{"href":"https:\/\/noticiasal.com.mx\/index.php\/wp-json\/wp\/v2\/types\/post"}],"author":[{"embeddable":true,"href":"https:\/\/noticiasal.com.mx\/index.php\/wp-json\/wp\/v2\/users\/3"}],"replies":[{"embeddable":true,"href":"https:\/\/noticiasal.com.mx\/index.php\/wp-json\/wp\/v2\/comments?post=20212"}],"version-history":[{"count":1,"href":"https:\/\/noticiasal.com.mx\/index.php\/wp-json\/wp\/v2\/posts\/20212\/revisions"}],"predecessor-version":[{"id":20217,"href":"https:\/\/noticiasal.com.mx\/index.php\/wp-json\/wp\/v2\/posts\/20212\/revisions\/20217"}],"wp:featuredmedia":[{"embeddable":true,"href":"https:\/\/noticiasal.com.mx\/index.php\/wp-json\/wp\/v2\/media\/20216"}],"wp:attachment":[{"href":"https:\/\/noticiasal.com.mx\/index.php\/wp-json\/wp\/v2\/media?parent=20212"}],"wp:term":[{"taxonomy":"category","embeddable":true,"href":"https:\/\/noticiasal.com.mx\/index.php\/wp-json\/wp\/v2\/categories?post=20212"},{"taxonomy":"post_tag","embeddable":true,"href":"https:\/\/noticiasal.com.mx\/index.php\/wp-json\/wp\/v2\/tags?post=20212"}],"curies":[{"name":"wp","href":"https:\/\/api.w.org\/{rel}","templated":true}]}}