{"id":20222,"date":"2026-04-27T14:09:13","date_gmt":"2026-04-27T14:09:13","guid":{"rendered":"https:\/\/noticiasal.com.mx\/?p=20222"},"modified":"2026-04-27T14:09:25","modified_gmt":"2026-04-27T14:09:25","slug":"mas-de-100-brigadistas-combaten-incendio-forestal-en-mascota","status":"publish","type":"post","link":"https:\/\/noticiasal.com.mx\/index.php\/2026\/04\/27\/mas-de-100-brigadistas-combaten-incendio-forestal-en-mascota\/","title":{"rendered":"M\u00e1s de 100 brigadistas combaten incendio forestal en Mascota"},"content":{"rendered":"<ul>\n<li data-start=\"66\" data-end=\"299\">M\u00e1s de 100 combatientes trabajan de manera coordinada para controlar un incendio forestal registrado en el paraje La Joya de las Burras, en el municipio de Mascota, inform\u00f3 la <span class=\"hover:entity-accent entity-underline inline cursor-pointer align-baseline\"><span class=\"whitespace-normal\">Protecci\u00f3n Civil Jalisco<\/span><\/span>.<\/li>\n<\/ul>\n<p data-start=\"301\" data-end=\"566\">En el operativo participan brigadas de la <span class=\"hover:entity-accent entity-underline inline cursor-pointer align-baseline\"><span class=\"whitespace-normal\">Unidad Estatal de Protecci\u00f3n Civil y Bomberos Jalisco<\/span><\/span>, as\u00ed como personal de la <span class=\"hover:entity-accent entity-underline inline cursor-pointer align-baseline\"><span class=\"whitespace-normal\">Comisi\u00f3n Nacional Forestal<\/span><\/span> y de las Juntas Intermunicipales de Medio Ambiente (JIMA), quienes mantienen labores conjuntas para contener el siniestro.<\/p>\n<blockquote>\n<p data-start=\"568\" data-end=\"717\">Las labores se refuerzan con apoyo a\u00e9reo, destacando la participaci\u00f3n del helic\u00f3ptero Witari, que realiza descargas estrat\u00e9gicas en la zona afectada.<\/p>\n<\/blockquote>\n<p data-start=\"719\" data-end=\"918\" data-is-last-node=\"\" data-is-only-node=\"\">De acuerdo con la fuente oficial, las acciones contin\u00faan enfocadas en frenar el avance del fuego, priorizando en todo momento la seguridad del personal desplegado y la protecci\u00f3n del entorno natural.<\/p>\n","protected":false},"excerpt":{"rendered":"<p>M\u00e1s de 100 combatientes trabajan de manera coordinada para controlar un incendio forestal registrado en el paraje La Joya de las Burras, en el municipio de Mascota, inform\u00f3 la Protecci\u00f3n Civil Jalisco. En el operativo participan brigadas de la Unidad Estatal de Protecci\u00f3n Civil y Bomberos Jalisco, as\u00ed como personal de la Comisi\u00f3n Nacional Forestal [&hellip;]<\/p>\n","protected":false},"author":9,"featured_media":20223,"comment_status":"open","ping_status":"closed","sticky":false,"template":"","format":"standard","meta":{"footnotes":""},"categories":[158],"tags":[362,376,207],"class_list":["post-20222","post","type-post","status-publish","format-standard","has-post-thumbnail","hentry","category-region","tag-incendio","tag-mascota","tag-pcjalisco"],"_links":{"self":[{"href":"https:\/\/noticiasal.com.mx\/index.php\/wp-json\/wp\/v2\/posts\/20222"}],"collection":[{"href":"https:\/\/noticiasal.com.mx\/index.php\/wp-json\/wp\/v2\/posts"}],"about":[{"href":"https:\/\/noticiasal.com.mx\/index.php\/wp-json\/wp\/v2\/types\/post"}],"author":[{"embeddable":true,"href":"https:\/\/noticiasal.com.mx\/index.php\/wp-json\/wp\/v2\/users\/9"}],"replies":[{"embeddable":true,"href":"https:\/\/noticiasal.com.mx\/index.php\/wp-json\/wp\/v2\/comments?post=20222"}],"version-history":[{"count":1,"href":"https:\/\/noticiasal.com.mx\/index.php\/wp-json\/wp\/v2\/posts\/20222\/revisions"}],"predecessor-version":[{"id":20224,"href":"https:\/\/noticiasal.com.mx\/index.php\/wp-json\/wp\/v2\/posts\/20222\/revisions\/20224"}],"wp:featuredmedia":[{"embeddable":true,"href":"https:\/\/noticiasal.com.mx\/index.php\/wp-json\/wp\/v2\/media\/20223"}],"wp:attachment":[{"href":"https:\/\/noticiasal.com.mx\/index.php\/wp-json\/wp\/v2\/media?parent=20222"}],"wp:term":[{"taxonomy":"category","embeddable":true,"href":"https:\/\/noticiasal.com.mx\/index.php\/wp-json\/wp\/v2\/categories?post=20222"},{"taxonomy":"post_tag","embeddable":true,"href":"https:\/\/noticiasal.com.mx\/index.php\/wp-json\/wp\/v2\/tags?post=20222"}],"curies":[{"name":"wp","href":"https:\/\/api.w.org\/{rel}","templated":true}]}}