{"id":20236,"date":"2026-04-28T15:37:25","date_gmt":"2026-04-28T15:37:25","guid":{"rendered":"https:\/\/noticiasal.com.mx\/?p=20236"},"modified":"2026-04-28T15:37:25","modified_gmt":"2026-04-28T15:37:25","slug":"comer-en-mexico-es-67-mas-caro-que-en-2018-segun-el-iteso","status":"publish","type":"post","link":"https:\/\/noticiasal.com.mx\/index.php\/2026\/04\/28\/comer-en-mexico-es-67-mas-caro-que-en-2018-segun-el-iteso\/","title":{"rendered":"Comer en M\u00e9xico es 67% m\u00e1s caro que en 2018, seg\u00fan el ITESO"},"content":{"rendered":"<p>El costo de la canasta alimentaria en M\u00e9xico se dispar\u00f3 en los \u00faltimos ocho a\u00f1os: 67% entre 2018 y marzo de 2026, muy por encima del 45% que ha subido la inflaci\u00f3n general, de acuerdo con la\u00a0Escuela de Negocios del ITESO. Si antes gastabas 1,500 pesos en tu canasta alimentaria hoy, casi el doble. Tan s\u00f3lo el \u00faltimo a\u00f1o, el encarecimiento fue de 8.1% en zonas urbanas, lo que confirma que los alimentos b\u00e1sicos siguen presionando el gasto de los hogares.<\/p>\n<p>Este aumento implica que comer en el pa\u00eds se ha vuelto significativamente m\u00e1s caro en comparaci\u00f3n con otros bienes y servicios. En t\u00e9rminos reales, las familias, sobre todo las de menores ingresos, destinan una mayor proporci\u00f3n de su dinero a la compra de alimentos, reduciendo su capacidad para cubrir otras necesidades b\u00e1sicas.<\/p>\n<p>El an\u00e1lisis se\u00f1ala que el incremento en los precios de los alimentos ha sido m\u00e1s acelerado que el del \u00cdndice Nacional de Precios al Consumidor (INPC), lo que genera una brecha cada vez mayor en el costo de vida.<\/p>\n<p>Entre enero de 2018 y marzo de 2026:<\/p>\n<ul class=\"wp-block-list\">\n<li>La canasta alimentaria urbana pas\u00f3 de alrededor de 1,500 a 2 mil 571 pesos mensuales<\/li>\n<li>En zonas rurales, subi\u00f3 de 1,150 a 1,940 pesos<\/li>\n<\/ul>\n<blockquote><p>Este encarecimiento impacta directamente la llamada \u201cl\u00ednea de pobreza extrema\u201d, que mide el ingreso m\u00ednimo necesario para cubrir la alimentaci\u00f3n b\u00e1sica.<\/p><\/blockquote>\n<h2 id=\"h-que-alimentos-estan-empujando-los-precios\" class=\"wp-block-heading\"><strong>\u00bfQu\u00e9 alimentos est\u00e1n empujando los precios?<\/strong><\/h2>\n<p>El reporte identifica productos espec\u00edficos con aumentos significativos:<\/p>\n<ul class=\"wp-block-list\">\n<li>El\u00a0<a href=\"https:\/\/www.unotv.com\/negocios\/jitomate-se-dispara-126-y-encarece-la-canasta-alimentaria-en-mexico\/\">jitomate lidera con incrementos de hasta 126% en zonas rurales<\/a><\/li>\n<li>Comida fuera del hogar tambi\u00e9n tiene alta incidencia en el gasto<\/li>\n<li>Carne de res y leche pasteurizada muestran alzas relevantes<\/li>\n<\/ul>\n<p>Estos productos, por su peso en la dieta diaria, amplifican el impacto en el bolsillo.<\/p>\n<h2 id=\"h-inflacion-y-menor-dinamismo-economico\" class=\"wp-block-heading\"><strong>Inflaci\u00f3n y menor dinamismo econ\u00f3mico<\/strong><\/h2>\n<p>El contexto no ayuda. La inflaci\u00f3n general repunt\u00f3 a 4.59% en marzo de 2026, mientras que el mercado laboral muestra se\u00f1ales de desaceleraci\u00f3n:<\/p>\n<ul class=\"wp-block-list\">\n<li>Se generaron 207 mil 604 empleos formales en el primer trimestre, 8.4% menos que en 2025<\/li>\n<li>El n\u00famero de patrones registrados cay\u00f3 2.7% anual<\/li>\n<li>Se han perdido m\u00e1s de 56 mil registros desde 2023<\/li>\n<\/ul>\n<p>Esto refleja un entorno econ\u00f3mico m\u00e1s d\u00e9bil, donde los ingresos crecen menos mientras los precios, especialmente \u00a0de alimentos, siguen al alza.<\/p>\n<h2 id=\"h-mas-presion-para-los-hogares\" class=\"wp-block-heading\"><strong>M\u00e1s presi\u00f3n para los hogares<\/strong><\/h2>\n<p>El ITESO advierte que esta combinaci\u00f3n: alimentos m\u00e1s caros y menor dinamismo econ\u00f3mico, aumenta el riesgo de pobreza por ingresos.<\/p>\n<p>Aunque otros rubros como transporte, educaci\u00f3n o servicios tambi\u00e9n han subido, el mayor peso sigue estando en la comida, que concentra m\u00e1s del 70% de la presi\u00f3n en el costo de vida.<\/p>\n<p>En pocas palabras: hoy comer no solo es m\u00e1s caro, sino que consume una mayor parte del ingreso, dejando menos margen para el resto de los gastos esenciales.<\/p>\n<p><a href=\"https:\/\/www.unotv.com\/negocios\/comer-mexico-67-por-ciento-mas-caro-2018-iteso\/\" target=\"_blank\" rel=\"noopener\">UnoTV<\/a><\/p>\n","protected":false},"excerpt":{"rendered":"<p>El costo de la canasta alimentaria en M\u00e9xico se dispar\u00f3 en los \u00faltimos ocho a\u00f1os: 67% entre 2018 y marzo de 2026, muy por encima del 45% que ha subido la inflaci\u00f3n general, de acuerdo con la\u00a0Escuela de Negocios del ITESO. Si antes gastabas 1,500 pesos en tu canasta alimentaria hoy, casi el doble. Tan [&hellip;]<\/p>\n","protected":false},"author":9,"featured_media":20237,"comment_status":"open","ping_status":"closed","sticky":false,"template":"","format":"standard","meta":{"footnotes":""},"categories":[148],"tags":[1555,1554,185],"class_list":["post-20236","post","type-post","status-publish","format-standard","has-post-thumbnail","hentry","category-mexico","tag-canasta-basica","tag-iteso","tag-mexico"],"_links":{"self":[{"href":"https:\/\/noticiasal.com.mx\/index.php\/wp-json\/wp\/v2\/posts\/20236"}],"collection":[{"href":"https:\/\/noticiasal.com.mx\/index.php\/wp-json\/wp\/v2\/posts"}],"about":[{"href":"https:\/\/noticiasal.com.mx\/index.php\/wp-json\/wp\/v2\/types\/post"}],"author":[{"embeddable":true,"href":"https:\/\/noticiasal.com.mx\/index.php\/wp-json\/wp\/v2\/users\/9"}],"replies":[{"embeddable":true,"href":"https:\/\/noticiasal.com.mx\/index.php\/wp-json\/wp\/v2\/comments?post=20236"}],"version-history":[{"count":1,"href":"https:\/\/noticiasal.com.mx\/index.php\/wp-json\/wp\/v2\/posts\/20236\/revisions"}],"predecessor-version":[{"id":20238,"href":"https:\/\/noticiasal.com.mx\/index.php\/wp-json\/wp\/v2\/posts\/20236\/revisions\/20238"}],"wp:featuredmedia":[{"embeddable":true,"href":"https:\/\/noticiasal.com.mx\/index.php\/wp-json\/wp\/v2\/media\/20237"}],"wp:attachment":[{"href":"https:\/\/noticiasal.com.mx\/index.php\/wp-json\/wp\/v2\/media?parent=20236"}],"wp:term":[{"taxonomy":"category","embeddable":true,"href":"https:\/\/noticiasal.com.mx\/index.php\/wp-json\/wp\/v2\/categories?post=20236"},{"taxonomy":"post_tag","embeddable":true,"href":"https:\/\/noticiasal.com.mx\/index.php\/wp-json\/wp\/v2\/tags?post=20236"}],"curies":[{"name":"wp","href":"https:\/\/api.w.org\/{rel}","templated":true}]}}