{"id":20243,"date":"2026-04-28T15:55:43","date_gmt":"2026-04-28T15:55:43","guid":{"rendered":"https:\/\/noticiasal.com.mx\/?p=20243"},"modified":"2026-04-28T15:56:05","modified_gmt":"2026-04-28T15:56:05","slug":"unidad-movil-veterinaria-recorrera-colonias-de-puerto-vallarta-durante-mayo","status":"publish","type":"post","link":"https:\/\/noticiasal.com.mx\/index.php\/2026\/04\/28\/unidad-movil-veterinaria-recorrera-colonias-de-puerto-vallarta-durante-mayo\/","title":{"rendered":"Unidad M\u00f3vil Veterinaria recorrer\u00e1 colonias de Puerto Vallarta durante Mayo"},"content":{"rendered":"<section class=\"text-token-text-primary w-full focus:outline-none [--shadow-height:45px] has-data-writing-block:pointer-events-none has-data-writing-block:-mt-(--shadow-height) has-data-writing-block:pt-(--shadow-height) [&amp;:has([data-writing-block])&gt;*]:pointer-events-auto [content-visibility:auto] supports-[content-visibility:auto]:[contain-intrinsic-size:auto_100lvh] R6Vx5W_threadScrollVars scroll-mb-[calc(var(--scroll-root-safe-area-inset-bottom,0px)+var(--thread-response-height))] scroll-mt-[calc(var(--header-height)+min(200px,max(70px,20svh)))]\" dir=\"auto\" data-turn-id=\"request-WEB:2f87a9c4-add7-4c41-ab17-db459dd55597-1\" data-testid=\"conversation-turn-4\" data-scroll-anchor=\"false\" data-turn=\"assistant\">\n<div class=\"text-base my-auto mx-auto pb-10 [--thread-content-margin:var(--thread-content-margin-xs,calc(var(--spacing)*4))] @w-sm\/main:[--thread-content-margin:var(--thread-content-margin-sm,calc(var(--spacing)*6))] @w-lg\/main:[--thread-content-margin:var(--thread-content-margin-lg,calc(var(--spacing)*16))] px-(--thread-content-margin)\">\n<div class=\"[--thread-content-max-width:40rem] @w-lg\/main:[--thread-content-max-width:48rem] mx-auto max-w-(--thread-content-max-width) flex-1 group\/turn-messages focus-visible:outline-hidden relative flex w-full min-w-0 flex-col agent-turn\">\n<div class=\"flex max-w-full flex-col gap-4 grow\">\n<div class=\"min-h-8 text-message relative flex w-full flex-col items-end gap-2 text-start break-words whitespace-normal outline-none keyboard-focused:focus-ring [.text-message+&amp;]:mt-1\" dir=\"auto\" tabindex=\"0\" data-message-author-role=\"assistant\" data-message-id=\"32f7924c-ac77-4502-a71e-efc6ccae9b0f\" data-message-model-slug=\"gpt-5-3\" data-turn-start-message=\"true\">\n<div class=\"flex w-full flex-col gap-1 empty:hidden\">\n<div class=\"markdown prose dark:prose-invert w-full wrap-break-word light markdown-new-styling\">\n<ul>\n<li data-start=\"81\" data-end=\"309\">La Unidad M\u00f3vil Veterinaria de <span class=\"hover:entity-accent entity-underline inline cursor-pointer align-baseline\"><span class=\"whitespace-normal\">Puerto Vallarta<\/span><\/span> anunci\u00f3 su calendario de actividades para mayo de 2026, con el prop\u00f3sito de acercar servicios de atenci\u00f3n m\u00e9dica a mascotas en diversas colonias del municipio.<\/li>\n<\/ul>\n<p data-start=\"311\" data-end=\"567\">De acuerdo con la programaci\u00f3n difundida por el \u00e1rea de Bienestar Animal, el viernes 1 de mayo ser\u00e1 d\u00eda no laborable. Las jornadas iniciar\u00e1n el martes 5 en Lomas de San Nicol\u00e1s, en el cruce de V\u00edctor Iturbe con Iztacc\u00edhuatl, a un costado de una ferreter\u00eda.<\/p>\n<p data-start=\"569\" data-end=\"857\">El jueves 7, 14, 21 y 28 de mayo, la unidad brindar\u00e1 servicio en el Parque Lineal, uno de los puntos establecidos de manera recurrente. Para el viernes 8, la atenci\u00f3n se trasladar\u00e1 a la colonia Educaci\u00f3n, en la calle Normal Superior 134A, en colaboraci\u00f3n con la organizaci\u00f3n Dog For Life.<\/p>\n<p data-start=\"569\" data-end=\"857\"><img loading=\"lazy\" decoding=\"async\" class=\"blazy aligncenter wp-image-20244 \" src=\"https:\/\/noticiasal.com.mx\/wp-content\/themes\/news\/assets\/images\/picture_placeholder_list.jpg\" data-src=\"https:\/\/noticiasal.com.mx\/wp-content\/uploads\/2026\/04\/WhatsApp-Image-2026-04-28-at-9.44.50-AM.jpeg\" alt=\"\" width=\"850\" height=\"601\" \/><noscript><img loading=\"lazy\" decoding=\"async\" class=\"aligncenter wp-image-20244 \" src=\"https:\/\/noticiasal.com.mx\/wp-content\/uploads\/2026\/04\/WhatsApp-Image-2026-04-28-at-9.44.50-AM.jpeg\" alt=\"\" width=\"850\" height=\"601\" srcset=\"https:\/\/noticiasal.com.mx\/wp-content\/uploads\/2026\/04\/WhatsApp-Image-2026-04-28-at-9.44.50-AM.jpeg 1491w, https:\/\/noticiasal.com.mx\/wp-content\/uploads\/2026\/04\/WhatsApp-Image-2026-04-28-at-9.44.50-AM-300x212.jpeg 300w, https:\/\/noticiasal.com.mx\/wp-content\/uploads\/2026\/04\/WhatsApp-Image-2026-04-28-at-9.44.50-AM-1024x725.jpeg 1024w, https:\/\/noticiasal.com.mx\/wp-content\/uploads\/2026\/04\/WhatsApp-Image-2026-04-28-at-9.44.50-AM-768x543.jpeg 768w\" sizes=\"(max-width: 850px) 100vw, 850px\" \/><\/noscript><\/p>\n<p data-start=\"859\" data-end=\"1136\">El lunes 11, el servicio llegar\u00e1 a Brisas del Pac\u00edfico, en el cruce de Eutiquio Gonz\u00e1lez con Italia, en la zona de una primaria. Posteriormente, el lunes 18 se instalar\u00e1 en Las Juntas, en la colonia El Crucero de Tuklandia, y el martes 19 en Palmar Ixtapa, en la cancha Palmar.<\/p>\n<p data-start=\"1138\" data-end=\"1385\">En tanto, el viernes 15 (correspondiente a la tercera semana del mes) la unidad acudir\u00e1 a Lomas del Medio, en la calle Josefa Ortiz de Dom\u00ednguez 923, a una cuadra de abarrotes Esther. El viernes 22, los servicios se ofrecer\u00e1n en el Domo de Ixtapa.<\/p>\n<p data-start=\"1387\" data-end=\"1615\">Para la \u00faltima semana, el lunes 25 la atenci\u00f3n ser\u00e1 en Ramblases, en Puerto San Blas 146A, a un costado de una tortiller\u00eda, y el viernes 29 concluir\u00e1 en la colonia Buenos Aires, en la Plaza Solidaridad, ubicada en La Rivera 395.<\/p>\n<blockquote>\n<p data-start=\"1617\" data-end=\"1830\" data-is-last-node=\"\" data-is-only-node=\"\">Las autoridades municipales exhortaron a la poblaci\u00f3n a aprovechar estas jornadas, que buscan promover la salud y el bienestar de perros y gatos, as\u00ed como fomentar la tenencia responsable de mascotas en la ciudad.<\/p>\n<\/blockquote>\n<\/div>\n<\/div>\n<\/div>\n<\/div>\n<div class=\"z-0 flex min-h-[46px] justify-start\"><\/div>\n<div class=\"mt-3 w-full empty:hidden\">\n<div class=\"text-center\"><\/div>\n<\/div>\n<\/div>\n<\/div>\n<\/section>\n<div class=\"pointer-events-none -mt-px h-px translate-y-[calc(var(--scroll-root-safe-area-inset-bottom)-14*var(--spacing))]\" aria-hidden=\"true\"><\/div>\n<div class=\"pointer-events-none translate-y-(--scroll-root-safe-area-inset-bottom) R6Vx5W_threadScrollVars min-h-(--gutter-remaining-height,0px) group-data-stream-active\/scroll-root:h-[calc(var(--thread-response-height)-16*var(--spacing))]\"><\/div>\n","protected":false},"excerpt":{"rendered":"<p>La Unidad M\u00f3vil Veterinaria de Puerto Vallarta anunci\u00f3 su calendario de actividades para mayo de 2026, con el prop\u00f3sito de acercar servicios de atenci\u00f3n m\u00e9dica a mascotas en diversas colonias del municipio. De acuerdo con la programaci\u00f3n difundida por el \u00e1rea de Bienestar Animal, el viernes 1 de mayo ser\u00e1 d\u00eda no laborable. Las jornadas [&hellip;]<\/p>\n","protected":false},"author":9,"featured_media":20246,"comment_status":"open","ping_status":"closed","sticky":false,"template":"","format":"standard","meta":{"footnotes":""},"categories":[159],"tags":[1559,1557,187,1558],"class_list":["post-20243","post","type-post","status-publish","format-standard","has-post-thumbnail","hentry","category-puerto-vallarta","tag-angelica-martinez","tag-estirilizacion","tag-puerto-vallarta","tag-unidad-veterinaria-movil"],"_links":{"self":[{"href":"https:\/\/noticiasal.com.mx\/index.php\/wp-json\/wp\/v2\/posts\/20243"}],"collection":[{"href":"https:\/\/noticiasal.com.mx\/index.php\/wp-json\/wp\/v2\/posts"}],"about":[{"href":"https:\/\/noticiasal.com.mx\/index.php\/wp-json\/wp\/v2\/types\/post"}],"author":[{"embeddable":true,"href":"https:\/\/noticiasal.com.mx\/index.php\/wp-json\/wp\/v2\/users\/9"}],"replies":[{"embeddable":true,"href":"https:\/\/noticiasal.com.mx\/index.php\/wp-json\/wp\/v2\/comments?post=20243"}],"version-history":[{"count":2,"href":"https:\/\/noticiasal.com.mx\/index.php\/wp-json\/wp\/v2\/posts\/20243\/revisions"}],"predecessor-version":[{"id":20248,"href":"https:\/\/noticiasal.com.mx\/index.php\/wp-json\/wp\/v2\/posts\/20243\/revisions\/20248"}],"wp:featuredmedia":[{"embeddable":true,"href":"https:\/\/noticiasal.com.mx\/index.php\/wp-json\/wp\/v2\/media\/20246"}],"wp:attachment":[{"href":"https:\/\/noticiasal.com.mx\/index.php\/wp-json\/wp\/v2\/media?parent=20243"}],"wp:term":[{"taxonomy":"category","embeddable":true,"href":"https:\/\/noticiasal.com.mx\/index.php\/wp-json\/wp\/v2\/categories?post=20243"},{"taxonomy":"post_tag","embeddable":true,"href":"https:\/\/noticiasal.com.mx\/index.php\/wp-json\/wp\/v2\/tags?post=20243"}],"curies":[{"name":"wp","href":"https:\/\/api.w.org\/{rel}","templated":true}]}}