{"id":20249,"date":"2026-04-28T16:10:41","date_gmt":"2026-04-28T16:10:41","guid":{"rendered":"https:\/\/noticiasal.com.mx\/?p=20249"},"modified":"2026-04-28T16:10:41","modified_gmt":"2026-04-28T16:10:41","slug":"quemaduras-corporales-una-de-las-principales-causas-de-mortalidad-infantil","status":"publish","type":"post","link":"https:\/\/noticiasal.com.mx\/index.php\/2026\/04\/28\/quemaduras-corporales-una-de-las-principales-causas-de-mortalidad-infantil\/","title":{"rendered":"Quemaduras corporales, una de las principales causas de mortalidad infantil"},"content":{"rendered":"<ul>\n<li>Ni\u00f1os y ni\u00f1as menores de cinco a\u00f1os son las principales v\u00edctimas de quemaduras<\/li>\n<\/ul>\n<p>En M\u00e9xico, desde al a\u00f1o 2018 se conmemora\u00a0<strong>el D\u00eda nacional de prevenci\u00f3n de quemaduras en ni\u00f1os, ni\u00f1as y adolescentes\u00a0<\/strong>el 27 de abril,<strong>\u00a0con el objetivo de sensibilizar a la poblaci\u00f3n sobre la necesidad de prevenir quemaduras<\/strong>\u00a0y los mecanismos que se deben aplicar en caso de alg\u00fan incidente para evitar dolor f\u00edsico, psicol\u00f3gico, emocional y social de la persona afectada y su familia.<\/p>\n<p>El<a href=\"https:\/\/portal.hcg.gob.mx\/hcg\/\" data-saferedirecturl=\"https:\/\/www.google.com\/url?q=https:\/\/portal.hcg.gob.mx\/hcg\/&amp;source=gmail&amp;ust=1777405373994000&amp;usg=AOvVaw3XHLTjz1zWxs4U-wHPDjha\">\u00a0Hospital Civil de Guadalajara (HCG)<\/a>\u00a0\u201cFray Antonio Alcalde\u201d tiene una\u00a0<strong>Unidad especializada en la atenci\u00f3n pedi\u00e1trica de v\u00edctimas de quemaduras, la cual, adem\u00e1s de atender estas lesiones f\u00edsicas, dan atenci\u00f3n a las secuelas y a la reintegraci\u00f3n del paciente a la sociedad.<\/strong>\u00a0Esta atenci\u00f3n multidisciplinar cuenta con psic\u00f3logos, cirujanos, nutri\u00f3logos y rehabilitadores, adem\u00e1s de aparatos l\u00e1ser \u00fanicos en el pa\u00eds.<\/p>\n<p>El doctor Jos\u00e9 David Medina Preciado, jefe de la Unidad de atenci\u00f3n integral a ni\u00f1os, ni\u00f1as y adolescentes con quemaduras del HCG, dijo que\u00a0<strong>estas lesiones son las m\u00e1s severas que puede presentar un ser humano y que, incluso, es una de las cinco principales causas de mortalidad infantil.<\/strong><\/p>\n<p>\u201c<strong>Las ni\u00f1as y ni\u00f1os de entre uno y cuatro a\u00f1os integran el grupo m\u00e1s vulnerable<\/strong>\u00a0debido a que exploran su entorno y quieren tocar todo lo que est\u00e1 a su alcance; las quemaduras en la cocina y en el ba\u00f1o, provocadas por agua y aceite caliente, son los sitios m\u00e1s frecuentes. Es necesario que comencemos a\u00a0<strong>educar a padres y cuidadores en la supervisi\u00f3n de estos espacios<\/strong>, adem\u00e1s de educar a las infancias en el uso y manipulaci\u00f3n de encendedores, cerillos y pirotecnia\u201d, mencion\u00f3.<\/p>\n<p><img loading=\"lazy\" decoding=\"async\" class=\"blazy aligncenter wp-image-20251 \" src=\"https:\/\/noticiasal.com.mx\/wp-content\/themes\/news\/assets\/images\/picture_placeholder_list.jpg\" data-src=\"https:\/\/noticiasal.com.mx\/wp-content\/uploads\/2026\/04\/aa5v9237-1024x683-1.jpg\" alt=\"\" width=\"789\" height=\"526\" \/><noscript><img loading=\"lazy\" decoding=\"async\" class=\"aligncenter wp-image-20251 \" src=\"https:\/\/noticiasal.com.mx\/wp-content\/uploads\/2026\/04\/aa5v9237-1024x683-1.jpg\" alt=\"\" width=\"789\" height=\"526\" srcset=\"https:\/\/noticiasal.com.mx\/wp-content\/uploads\/2026\/04\/aa5v9237-1024x683-1.jpg 1024w, https:\/\/noticiasal.com.mx\/wp-content\/uploads\/2026\/04\/aa5v9237-1024x683-1-300x200.jpg 300w, https:\/\/noticiasal.com.mx\/wp-content\/uploads\/2026\/04\/aa5v9237-1024x683-1-768x512.jpg 768w\" sizes=\"(max-width: 789px) 100vw, 789px\" \/><\/noscript><\/p>\n<p>Seg\u00fan datos oficiales,<strong>\u00a0en M\u00e9xico se estima que 128 mil personas al a\u00f1o sufren alg\u00fan tipo de quemadura; de ellas, 42 mil son infantes<\/strong>, de acuerdo con el Centro Nacional de Investigaci\u00f3n y Atenci\u00f3n a Quemados (Ceniaq).\u00a0<strong>El HCG anualmente atiende a m\u00e1s de 300 pacientes pedi\u00e1tricos<\/strong>, con una ocupaci\u00f3n del 65 por ciento en la Unidad de atenci\u00f3n integral.<\/p>\n<p>La licenciada Alejandra V\u00e1zquez Casta\u00f1eda, psic\u00f3loga de dicha unidad, destac\u00f3 que dentro de la atenci\u00f3n\u00a0<strong>es necesario y vital el acompa\u00f1amiento psicol\u00f3gico no s\u00f3lo a los pacientes, sino a los miembros de la familia de la v\u00edctima.<\/strong><\/p>\n<p>\u201cLas secuelas f\u00edsicas van a la par de las emocionales, y una intervenci\u00f3n apropiada puede favorecer la adaptaci\u00f3n y socializaci\u00f3n de los pacientes afectados. A<strong>\u00a0los familiares es importante acompa\u00f1arlos en este proceso, que es sumamente largo y doloroso; sin embargo, nuestro trabajo es ayudarles a rescatar lo positivo, hacerles ver que los pacientes pueden vivir una vida completamente norma<\/strong>l\u201d, declar\u00f3 V\u00e1zquez Casta\u00f1eda.<\/p>\n<p>Adem\u00e1s de la atenci\u00f3n multidisciplinaria, el HCG ofrece cirug\u00eda reconstructiva para pacientes con quemaduras severas, de las cuales, m\u00e1s de 57 por ciento pertenecen a poblaciones rurales o tienen una condici\u00f3n econ\u00f3mica baja:<\/p>\n<p>\u201c<strong>Los mayores casos se concentran fuera del \u00c1rea Metropolitana de Guadalajara, en zonas rurales.<\/strong>\u00a0Tenemos que hacer un \u00e9nfasis en la prevenci\u00f3n y cuidado de los menores, con el fin de reducir lo m\u00e1s posible estos accidentes\u201d, mencion\u00f3 el doctor Medina Preciado.<\/p>\n<p><a href=\"https:\/\/www.gaceta.udg.mx\/quemaduras-corporales-una-de-las-principales-causas-de-mortalidad-infantil\/\" target=\"_blank\" rel=\"noopener\">Gaceta UdeG<\/a><\/p>\n","protected":false},"excerpt":{"rendered":"<p>Ni\u00f1os y ni\u00f1as menores de cinco a\u00f1os son las principales v\u00edctimas de quemaduras En M\u00e9xico, desde al a\u00f1o 2018 se conmemora\u00a0el D\u00eda nacional de prevenci\u00f3n de quemaduras en ni\u00f1os, ni\u00f1as y adolescentes\u00a0el 27 de abril,\u00a0con el objetivo de sensibilizar a la poblaci\u00f3n sobre la necesidad de prevenir quemaduras\u00a0y los mecanismos que se deben aplicar en [&hellip;]<\/p>\n","protected":false},"author":9,"featured_media":20250,"comment_status":"open","ping_status":"closed","sticky":false,"template":"","format":"standard","meta":{"footnotes":""},"categories":[148],"tags":[1561,1560],"class_list":["post-20249","post","type-post","status-publish","format-standard","has-post-thumbnail","hentry","category-mexico","tag-infantes","tag-quemaduras"],"_links":{"self":[{"href":"https:\/\/noticiasal.com.mx\/index.php\/wp-json\/wp\/v2\/posts\/20249"}],"collection":[{"href":"https:\/\/noticiasal.com.mx\/index.php\/wp-json\/wp\/v2\/posts"}],"about":[{"href":"https:\/\/noticiasal.com.mx\/index.php\/wp-json\/wp\/v2\/types\/post"}],"author":[{"embeddable":true,"href":"https:\/\/noticiasal.com.mx\/index.php\/wp-json\/wp\/v2\/users\/9"}],"replies":[{"embeddable":true,"href":"https:\/\/noticiasal.com.mx\/index.php\/wp-json\/wp\/v2\/comments?post=20249"}],"version-history":[{"count":1,"href":"https:\/\/noticiasal.com.mx\/index.php\/wp-json\/wp\/v2\/posts\/20249\/revisions"}],"predecessor-version":[{"id":20252,"href":"https:\/\/noticiasal.com.mx\/index.php\/wp-json\/wp\/v2\/posts\/20249\/revisions\/20252"}],"wp:featuredmedia":[{"embeddable":true,"href":"https:\/\/noticiasal.com.mx\/index.php\/wp-json\/wp\/v2\/media\/20250"}],"wp:attachment":[{"href":"https:\/\/noticiasal.com.mx\/index.php\/wp-json\/wp\/v2\/media?parent=20249"}],"wp:term":[{"taxonomy":"category","embeddable":true,"href":"https:\/\/noticiasal.com.mx\/index.php\/wp-json\/wp\/v2\/categories?post=20249"},{"taxonomy":"post_tag","embeddable":true,"href":"https:\/\/noticiasal.com.mx\/index.php\/wp-json\/wp\/v2\/tags?post=20249"}],"curies":[{"name":"wp","href":"https:\/\/api.w.org\/{rel}","templated":true}]}}