{"id":20253,"date":"2026-04-28T19:42:03","date_gmt":"2026-04-28T19:42:03","guid":{"rendered":"https:\/\/noticiasal.com.mx\/?p=20253"},"modified":"2026-04-28T19:42:03","modified_gmt":"2026-04-28T19:42:03","slug":"mas-de-50-mil-personas-leyeron-pedro-paramo-en-todo-jalisco","status":"publish","type":"post","link":"https:\/\/noticiasal.com.mx\/index.php\/2026\/04\/28\/mas-de-50-mil-personas-leyeron-pedro-paramo-en-todo-jalisco\/","title":{"rendered":"M\u00e1s de 50 mil personas leyeron Pedro P\u00e1ramo en todo Jalisco"},"content":{"rendered":"<ul>\n<li><em>Con la participaci\u00f3n de 176 planteles del Sistema de Educaci\u00f3n Media Superior de la UDG y la Biblioteca P\u00fablica del Estado Juan Jos\u00e9 Arreola, la voz de Juan Rulfo reson\u00f3 en todo el estado<\/em><\/li>\n<\/ul>\n<p>Fueron 50 mil 425 personas las que leyeron Pedro P\u00e1ramo en todo Jalisco, del escritor Juan Rulfo y celebraron el D\u00eda Mundial del Libro el pasado 23 de abril. La lectura p\u00fablica que organiza la Feria Internacional del Libro (FIL) de Guadalajara tuvo como sede principal la Explanada de la Rector\u00eda de la Universidad de Guadalajara (UDG), donde 476 personas participaron en la lectura de esta emblem\u00e1tica novela.<\/p>\n<p>Adem\u00e1s de los lectores, visitantes y transe\u00fantes que atendieron la lectura, acudieron al \u00e1rea de exhibici\u00f3n y venta de libros, y participaron en la actividad denominada \u201cLas facetas de Rulfo: imagen, voz y territorio\u201d que realiz\u00f3 FIL Ni\u00f1os, o escucharon la charla en torno a la figura del escritor jalisciense, a la que asistieron Pablo y Juan Carlos Rulfo, acompa\u00f1ados de Marisol Schulz Manaut.<\/p>\n<p>La ya tradicional lectura p\u00fablica que organiza la FIL Guadalajara fue el jueves 23 de abril, y simult\u00e1neamente se efectuaron las lecturas espejo en 176 preparatorias y m\u00f3dulos del Sistema de Educaci\u00f3n Media Superior (SEMS) y en el Sistema Universitario de Bibliotecas de la UDG, as\u00ed como en la Biblioteca P\u00fablica del Estado Juan Jos\u00e9 Arreola.<\/p>\n<p>Adem\u00e1s, nueve ayuntamientos del estado organizaron lecturas p\u00fablicas para unirse a esta celebraci\u00f3n. En esta edici\u00f3n, con la participaci\u00f3n de estudiantes, maestros, personal administrativo y p\u00fablico general, se convoc\u00f3 a 50,425 lectores, quienes tuvieron la oportunidad de recordar al tambi\u00e9n autor de El llano en llamas, escritor que instaur\u00f3 el realismo m\u00e1gico e influy\u00f3 profundamente en el boom latinoamericano.<\/p>\n<p>La zona de exhibici\u00f3n y venta de libros cont\u00f3 con la participaci\u00f3n de Ediciones Arlequ\u00edn, Ediciones El Viaje, Editorial Universidad de Guadalajara, Fondo de Cultura Econ\u00f3mica, Grupo Planeta, Instituto Electoral y de Participaci\u00f3n Ciudadana de Jalisco, Librer\u00eda Carlos Fuentes, Librer\u00edas Gandhi, Librer\u00edas Gonvill, Librer\u00eda \u00cdtaca, Penguin Random House, revista Luvina y una mesa de c\u00f3mics, adem\u00e1s del Festival Rulfiano de las Artes.<\/p>\n<p><img loading=\"lazy\" decoding=\"async\" class=\"blazy wp-image-20255 aligncenter\" src=\"https:\/\/noticiasal.com.mx\/wp-content\/themes\/news\/assets\/images\/picture_placeholder_list.jpg\" data-src=\"https:\/\/noticiasal.com.mx\/wp-content\/uploads\/2026\/04\/Juan-Rulfo-2-300x200.jpg\" alt=\"\" width=\"575\" height=\"383\" \/><noscript><img loading=\"lazy\" decoding=\"async\" class=\"wp-image-20255 aligncenter\" src=\"https:\/\/noticiasal.com.mx\/wp-content\/uploads\/2026\/04\/Juan-Rulfo-2-300x200.jpg\" alt=\"\" width=\"575\" height=\"383\" srcset=\"https:\/\/noticiasal.com.mx\/wp-content\/uploads\/2026\/04\/Juan-Rulfo-2-300x200.jpg 300w, https:\/\/noticiasal.com.mx\/wp-content\/uploads\/2026\/04\/Juan-Rulfo-2-768x512.jpg 768w, https:\/\/noticiasal.com.mx\/wp-content\/uploads\/2026\/04\/Juan-Rulfo-2.jpg 799w\" sizes=\"(max-width: 575px) 100vw, 575px\" \/><\/noscript><\/p>\n<p>El marat\u00f3n de lectura por el D\u00eda Mundial del Libro fue posible gracias a la colaboraci\u00f3n de Canal 44, Radio Universidad de Guadalajara, Grupo Promomedios Radio, Grupo Milenio, Notisistema, Jalisco Radio, Caf\u00e9 La Flor de C\u00f3rdoba, Buscalibre y Coca-Cola, y cont\u00f3 con el apoyo de la UDG, del Sistema de Educaci\u00f3n Media Superior, del Sistema Universitario de Bibliotecas, del Centro Universitario de Ciencias Biol\u00f3gicas y Agropecuarias, la Librer\u00eda Carlos Fuentes de la UDG, la Biblioteca P\u00fablica del Estado de Jalisco Juan Jos\u00e9 Arreola y la Editorial RM.<\/p>\n<p>El D\u00eda Mundial del Libro es una celebraci\u00f3n creada en 1995 por disposici\u00f3n y acuerdo de la Organizaci\u00f3n de las Naciones Unidas para la Educaci\u00f3n, la Ciencia y la Cultura (Unesco, por sus siglas en ingl\u00e9s). Desde 2002, la FIL Guadalajara festeja este d\u00eda con una lectura p\u00fablica en voz alta. En estos maratones se han le\u00eddo las obras de Juan Jos\u00e9 Arreola (2002, 2011 y 2018), Julio Cort\u00e1zar (2003), Pablo Neruda (2004), Julio Verne (2005), Jorge Luis Borges (2006), Gabriel Garc\u00eda M\u00e1rquez (2007), Agust\u00edn Y\u00e1\u00f1ez (2008), Horacio Quiroga (2009), Jorge Ibarg\u00fcengoitia (2010), Bram Stoker (2012), Jane Austen (2013), Jos\u00e9 Emilio Pacheco (2014), Lewis Carroll (2015), Mary Shelley (2016), Ignacio Padilla (2017), Fernando del Paso (2019), Ray Bradbury (2020), Augusto Monterroso (2021), Jos\u00e9 Saramago (2022), Elena Garro (2023), Jos\u00e9 Agust\u00edn (2024), Rosario Castellanos (2025) y Juan Rulfo (2026).<\/p>\n","protected":false},"excerpt":{"rendered":"<p>Con la participaci\u00f3n de 176 planteles del Sistema de Educaci\u00f3n Media Superior de la UDG y la Biblioteca P\u00fablica del Estado Juan Jos\u00e9 Arreola, la voz de Juan Rulfo reson\u00f3 en todo el estado Fueron 50 mil 425 personas las que leyeron Pedro P\u00e1ramo en todo Jalisco, del escritor Juan Rulfo y celebraron el D\u00eda [&hellip;]<\/p>\n","protected":false},"author":14,"featured_media":20256,"comment_status":"open","ping_status":"closed","sticky":false,"template":"","format":"standard","meta":{"footnotes":""},"categories":[169,154],"tags":[],"class_list":["post-20253","post","type-post","status-publish","format-standard","has-post-thumbnail","hentry","category-cultura","category-jalisco"],"_links":{"self":[{"href":"https:\/\/noticiasal.com.mx\/index.php\/wp-json\/wp\/v2\/posts\/20253"}],"collection":[{"href":"https:\/\/noticiasal.com.mx\/index.php\/wp-json\/wp\/v2\/posts"}],"about":[{"href":"https:\/\/noticiasal.com.mx\/index.php\/wp-json\/wp\/v2\/types\/post"}],"author":[{"embeddable":true,"href":"https:\/\/noticiasal.com.mx\/index.php\/wp-json\/wp\/v2\/users\/14"}],"replies":[{"embeddable":true,"href":"https:\/\/noticiasal.com.mx\/index.php\/wp-json\/wp\/v2\/comments?post=20253"}],"version-history":[{"count":1,"href":"https:\/\/noticiasal.com.mx\/index.php\/wp-json\/wp\/v2\/posts\/20253\/revisions"}],"predecessor-version":[{"id":20257,"href":"https:\/\/noticiasal.com.mx\/index.php\/wp-json\/wp\/v2\/posts\/20253\/revisions\/20257"}],"wp:featuredmedia":[{"embeddable":true,"href":"https:\/\/noticiasal.com.mx\/index.php\/wp-json\/wp\/v2\/media\/20256"}],"wp:attachment":[{"href":"https:\/\/noticiasal.com.mx\/index.php\/wp-json\/wp\/v2\/media?parent=20253"}],"wp:term":[{"taxonomy":"category","embeddable":true,"href":"https:\/\/noticiasal.com.mx\/index.php\/wp-json\/wp\/v2\/categories?post=20253"},{"taxonomy":"post_tag","embeddable":true,"href":"https:\/\/noticiasal.com.mx\/index.php\/wp-json\/wp\/v2\/tags?post=20253"}],"curies":[{"name":"wp","href":"https:\/\/api.w.org\/{rel}","templated":true}]}}