{"id":20260,"date":"2026-04-29T14:35:36","date_gmt":"2026-04-29T14:35:36","guid":{"rendered":"https:\/\/noticiasal.com.mx\/?p=20260"},"modified":"2026-04-29T14:35:36","modified_gmt":"2026-04-29T14:35:36","slug":"entre-piales-y-manganas-mas-vale-llegar-a-tiempo-que-ser-invitado-2","status":"publish","type":"post","link":"https:\/\/noticiasal.com.mx\/index.php\/2026\/04\/29\/entre-piales-y-manganas-mas-vale-llegar-a-tiempo-que-ser-invitado-2\/","title":{"rendered":"Entre Piales y Manganas: \u201cM\u00e1s vale llegar a tiempo que ser invitado\u201d"},"content":{"rendered":"<ul>\n<li>Nayarit vivi\u00f3 su magna fiesta charra en el Estatal 2026 y Los Toriles al frente<\/li>\n<\/ul>\n<p>La Familia Nayarita vivi\u00f3 en el Lienzo Charro El Dorado de Roque Gonz\u00e1lez, este domingo 26 de abril la fiesta m\u00e1s importante del a\u00f1o en la tradici\u00f3n Charra, el campeonato estatal oficial y anual Nayarit 2026 Zona Centro.<br \/>\nLa primera charreada estuvo conformada por Rancho El Quevede\u00f1o, Rancho Los Toriles y Rancho El Armadillo, en donde el Mariachi en vivo llen\u00f3 de color cada una de las suertes charras.<br \/>\nSe tuvo una competencia re\u00f1ida, pareja hasta que llegaron las manganas haciendo que Rancho Los Toriles se fuera arriba en las puntuaciones logrando cerrar con una excelente participaci\u00f3n de 394 puntos sigui\u00e9ndole Rancho El Quevede\u00f1o con 302 puntos y Rancho El Armadillo termin\u00f3 con 192 puntos.<br \/>\nDe acuerdo a lo que narr\u00f3 el compa\u00f1ero Fidel L\u00f3pez, secretario de Prensa y Difusi\u00f3n nayarita, en esta edici\u00f3n la Uni\u00f3n de Asociaciones de Charros del Estado de Nayarit, presidida por el m\u00e9dico Juan Alberto Reynosa, apost\u00f3 por un evento combinado con los dos orgullos m\u00e1s grandes de la cultura en Nayarit, la Etnia Wixarika y la Charrer\u00eda.<br \/>\nAs\u00ed es como el color Wixarika se hizo presente en una apertura de competencia donde los pueblos originarios de Nayarit, dieron muestra de su color y tradici\u00f3n, para cerrar con una demostraci\u00f3n en conjunto de floreadores y escaramuzas en el ruedo, mientras sonaba la tradicional canci\u00f3n el Son de La Negra. Color y efectos especiales acompa\u00f1aron a este momento de la inauguraci\u00f3n que sorprendi\u00f3 a todos los espectadores.<\/p>\n<figure id=\"attachment_20262\" aria-describedby=\"caption-attachment-20262\" style=\"width: 551px\" class=\"wp-caption aligncenter\"><img loading=\"lazy\" decoding=\"async\" class=\"blazy wp-image-20262 \" src=\"https:\/\/noticiasal.com.mx\/wp-content\/themes\/news\/assets\/images\/picture_placeholder_list.jpg\" data-src=\"https:\/\/noticiasal.com.mx\/wp-content\/uploads\/2026\/04\/Reina-de-la-Union.jpeg\" alt=\"\" width=\"551\" height=\"827\" \/><figcaption id=\"caption-attachment-20262\" class=\"wp-caption-text\"><noscript><img loading=\"lazy\" decoding=\"async\" class=\"wp-image-20262 \" src=\"https:\/\/noticiasal.com.mx\/wp-content\/uploads\/2026\/04\/Reina-de-la-Union.jpeg\" alt=\"\" width=\"551\" height=\"827\" srcset=\"https:\/\/noticiasal.com.mx\/wp-content\/uploads\/2026\/04\/Reina-de-la-Union.jpeg 853w, https:\/\/noticiasal.com.mx\/wp-content\/uploads\/2026\/04\/Reina-de-la-Union-200x300.jpeg 200w, https:\/\/noticiasal.com.mx\/wp-content\/uploads\/2026\/04\/Reina-de-la-Union-682x1024.jpeg 682w, https:\/\/noticiasal.com.mx\/wp-content\/uploads\/2026\/04\/Reina-de-la-Union-768x1152.jpeg 768w\" sizes=\"(max-width: 551px) 100vw, 551px\" \/><\/noscript> Reina de la Uni\u00f3n Julia I, estuvo presente como representante de las Damas Charras<\/figcaption><\/figure>\n<p>En punto de las 10:30 a.m. dieron paso al tradicional protocolo de inauguraci\u00f3n en donde el desfile encabezado por su S.G.M. Julia I, reina de la Uni\u00f3n de Asociaciones de Charros de Nayarit , dio porte de su elegancia y belleza de mujer de a caballo.<br \/>\nEn los honores a la bandera se tuvo la presencia espectacular de la Banda de Guerra de la 13va Zona Militar y la escolta charra formada por integrantes de los equipos participantes que con orgullo dieron muestra de nuestro honor a M\u00e9xico.<br \/>\nEnseguida, se procedi\u00f3 con el protocolo del corte de reata acompa\u00f1ados de autoridades como el gobernador de la Comunidad Wixarika Casimiro Montoya de la Cruz, el Coronel de Infanter\u00eda DEM Sergio S\u00e1nchez Mart\u00ednez, comandante del 43\/o. Batall\u00f3n de Infanter\u00eda, el director de Desarrollo Rural de Tepic, Cesar Picos y la reina de la Feria de Nayarit Yukaima Gonz\u00e1lez.<\/p>\n<p>De igual forma, autoridades charras del estado, como Horacio Pe\u00f1a Ram\u00edrez delegado Zona Centro y Yareni Ayala Preciado delegada Estatal de Escaramuzas, formaron parte del inicio de competencias en donde el coronel Sergio S\u00e1nchez Mart\u00ednez, fue quien hizo el honor cortar la reata.<br \/>\nCabe mencionar que uno de los momentos m\u00e1s emotivos fue las palabras de la reina Julia I, dedicadas a los j\u00f3venes charros de parte del PUA Juan Alberto Reynosa Mercado y la entrega de reconocimiento de honor a los familiares del Charro Nayarita Rafael Mercado Estupi\u00f1\u00e1n, cerrando el protocolo tradicional, emotivo y lleno de orgullo charro.<br \/>\nAl terminar esta Primera Charreada del d\u00eda la Familia Nayarita disfruto de una participaci\u00f3n sorpresa del cantante \u201cEl Conde\u201d quien puso a cantar al p\u00fablico con su \u00e9xito \u201cDe vez en cuando\u201d.<br \/>\nLa segunda charreada, con un p\u00fablico abarrotando el lienzo El Dorado, el turno fue de los equipos Charros de Tepic, Valle de Matatipac y Monta\u00f1a Negra. Dando una charreada de alto nivel con manganas 3 de 3 que pusieron al lienzo El Dorado a vibrar de orgullo. Los resultados de esta Charreada fueron: Charros de Tepic 113 puntos, Valle de Matatipac 322 puntos y Monta\u00f1a Negra 321 puntos.<br \/>\nComo espect\u00e1culo intermedio disfrutamos de la participaci\u00f3n de la escaramuza en caballitos de palo \u201cLas Nayaritas\u201d, en donde se gos\u00f3 ver el amor a la charrer\u00eda en las nuevas generaciones.<\/p>\n<p>Al llegar la tarde acompa\u00f1ado de un grupo de m\u00fasica norte\u00f1o en vivo, lleg\u00f3 a la tercera y \u00faltima charreada de esta primera fase, con los equipos del Puente Camotl\u00e1n que obtuvieron 325 puntos, Rancho La Ca\u00f1ada de S.P.L con 131 puntos y Escuela Manuel Delgado Rocha 134 puntos nos dieron una charreada emocionante digna de un cierre \u00e9pico en esta jornada del Campeonato Estatal Charro Nayarit 2026.<br \/>\nAl finalizar la tercera charreada, la m\u00fasica continu\u00f3 con Lorena Aguilar, quien amenizo la despedida, la alegr\u00eda y el triunfo de los equipos. Aun no hay ganadores, aun no hay perdedores eso lo sabremos este 9 y 10 de mayo en la Fase 2 y la gran final de este Campeonato Estatal Charro Nayarit 2026, en donde s\u00f3lo hay 3 lugares para ese honor de representar a Nayarit en el Nacional en la ciudad de San Luis Potos\u00ed. \u00a1Que la suerte y Dios les acompa\u00f1e hermanos charros!<\/p>\n<h2><strong>Los puntos del l\u00edder<\/strong><\/h2>\n<p>En la competencia inicial, Rancho Los Toriles inici\u00f3 con la cala de caballo del MVZ Juan Reynosa con 42 puntos, menos dos de infracci\u00f3n, para que Nazario Zaragoza cuajara un pial de 19; en le coleadero derribaron de excelencia con 124 puntos, donde destac\u00f3 Francisco Estrada con 43; Juan Reynosa 42 y Fernando Barajas derrib\u00f3 de 39 buenos, cerrando las puertas grandes con 183.<br \/>\nEn el toro se le vio a Ram\u00f3n P\u00e9rez con 19 y la terna de 54 puntos. En la potranca estuvo Daniel Plata con 16 m\u00e1s, 66 de las manganas a pie de Francisco Estrada y a caballo Manuel Delgado dos de 34, para cerrar con paso de 22 de Daniel Plata. Los jueces fueron Ignacio Montero, Joel Maga\u00f1a, Miguel Guti\u00e9rrez y en la locuci\u00f3n el \u201cNene\u201d Jes\u00fas Belloso de Santiago.<\/p>\n<figure id=\"attachment_20263\" aria-describedby=\"caption-attachment-20263\" style=\"width: 836px\" class=\"wp-caption aligncenter\"><img loading=\"lazy\" decoding=\"async\" class=\"blazy wp-image-20263 \" src=\"https:\/\/noticiasal.com.mx\/wp-content\/themes\/news\/assets\/images\/picture_placeholder_list.jpg\" data-src=\"https:\/\/noticiasal.com.mx\/wp-content\/uploads\/2026\/04\/Gran-ambiente.jpeg\" alt=\"\" width=\"836\" height=\"557\" \/><figcaption id=\"caption-attachment-20263\" class=\"wp-caption-text\"><noscript><img loading=\"lazy\" decoding=\"async\" class=\"wp-image-20263 \" src=\"https:\/\/noticiasal.com.mx\/wp-content\/uploads\/2026\/04\/Gran-ambiente.jpeg\" alt=\"\" width=\"836\" height=\"557\" srcset=\"https:\/\/noticiasal.com.mx\/wp-content\/uploads\/2026\/04\/Gran-ambiente.jpeg 1280w, https:\/\/noticiasal.com.mx\/wp-content\/uploads\/2026\/04\/Gran-ambiente-300x200.jpeg 300w, https:\/\/noticiasal.com.mx\/wp-content\/uploads\/2026\/04\/Gran-ambiente-1024x682.jpeg 1024w, https:\/\/noticiasal.com.mx\/wp-content\/uploads\/2026\/04\/Gran-ambiente-768x512.jpeg 768w\" sizes=\"(max-width: 836px) 100vw, 836px\" \/><\/noscript> Gran ambiente se vivi\u00f3 en el lienzo charro El Dorado, que ahora si llen\u00f3 sus gradas de p\u00fablico entusiasta.<\/figcaption><\/figure>\n<p>&nbsp;<\/p>\n","protected":false},"excerpt":{"rendered":"<p>Nayarit vivi\u00f3 su magna fiesta charra en el Estatal 2026 y Los Toriles al frente La Familia Nayarita vivi\u00f3 en el Lienzo Charro El Dorado de Roque Gonz\u00e1lez, este domingo 26 de abril la fiesta m\u00e1s importante del a\u00f1o en la tradici\u00f3n Charra, el campeonato estatal oficial y anual Nayarit 2026 Zona Centro. La primera [&hellip;]<\/p>\n","protected":false},"author":3,"featured_media":20261,"comment_status":"open","ping_status":"closed","sticky":false,"template":"","format":"standard","meta":{"footnotes":""},"categories":[157,153],"tags":[556,228,200,1562],"class_list":["post-20260","post","type-post","status-publish","format-standard","has-post-thumbnail","hentry","category-charreria","category-opinion","tag-adan-leyva-avalos","tag-entre-piales-y-manganas","tag-nayarit","tag-reina-de-la-union-julia-i"],"_links":{"self":[{"href":"https:\/\/noticiasal.com.mx\/index.php\/wp-json\/wp\/v2\/posts\/20260"}],"collection":[{"href":"https:\/\/noticiasal.com.mx\/index.php\/wp-json\/wp\/v2\/posts"}],"about":[{"href":"https:\/\/noticiasal.com.mx\/index.php\/wp-json\/wp\/v2\/types\/post"}],"author":[{"embeddable":true,"href":"https:\/\/noticiasal.com.mx\/index.php\/wp-json\/wp\/v2\/users\/3"}],"replies":[{"embeddable":true,"href":"https:\/\/noticiasal.com.mx\/index.php\/wp-json\/wp\/v2\/comments?post=20260"}],"version-history":[{"count":1,"href":"https:\/\/noticiasal.com.mx\/index.php\/wp-json\/wp\/v2\/posts\/20260\/revisions"}],"predecessor-version":[{"id":20264,"href":"https:\/\/noticiasal.com.mx\/index.php\/wp-json\/wp\/v2\/posts\/20260\/revisions\/20264"}],"wp:featuredmedia":[{"embeddable":true,"href":"https:\/\/noticiasal.com.mx\/index.php\/wp-json\/wp\/v2\/media\/20261"}],"wp:attachment":[{"href":"https:\/\/noticiasal.com.mx\/index.php\/wp-json\/wp\/v2\/media?parent=20260"}],"wp:term":[{"taxonomy":"category","embeddable":true,"href":"https:\/\/noticiasal.com.mx\/index.php\/wp-json\/wp\/v2\/categories?post=20260"},{"taxonomy":"post_tag","embeddable":true,"href":"https:\/\/noticiasal.com.mx\/index.php\/wp-json\/wp\/v2\/tags?post=20260"}],"curies":[{"name":"wp","href":"https:\/\/api.w.org\/{rel}","templated":true}]}}