{"id":20269,"date":"2026-04-29T15:44:54","date_gmt":"2026-04-29T15:44:54","guid":{"rendered":"https:\/\/noticiasal.com.mx\/?p=20269"},"modified":"2026-04-29T15:44:54","modified_gmt":"2026-04-29T15:44:54","slug":"la-sep-confirma-tres-puentes-en-mayo-estas-son-las-fechas-clave","status":"publish","type":"post","link":"https:\/\/noticiasal.com.mx\/index.php\/2026\/04\/29\/la-sep-confirma-tres-puentes-en-mayo-estas-son-las-fechas-clave\/","title":{"rendered":"La SEP confirma tres puentes en mayo: estas son las fechas clave"},"content":{"rendered":"<p>La\u00a0<strong>Secretar\u00eda de Educaci\u00f3n P\u00fablica<\/strong>\u00a0(<strong>SEP<\/strong>) confirm\u00f3 que habr\u00e1\u00a0<strong><a id=\"https:\/\/www.unotv.com\/nacional\/estos-son-los-dias-feriados-que-restan-en-mexico-tras-el-puente-de-marzo\/\" href=\"https:\/\/www.unotv.com\/nacional\/estos-son-los-dias-feriados-que-restan-en-mexico-tras-el-puente-de-marzo\/\" target=\"_blank\" rel=\"noreferrer noopener\" type=\"link\">tres puentes en<\/a> <a id=\"https:\/\/www.unotv.com\/nacional\/estos-son-los-dias-feriados-que-restan-en-mexico-tras-el-puente-de-marzo\/\" href=\"https:\/\/www.unotv.com\/nacional\/estos-son-los-dias-feriados-que-restan-en-mexico-tras-el-puente-de-marzo\/\" target=\"_blank\" rel=\"noreferrer noopener\" type=\"link\">mayo de 2026<\/a><\/strong>\u00a0para estudiantes de preescolar, primaria y secundaria, adem\u00e1s de otros d\u00edas sin clases marcados en el calendario escolar 2025-2026.<\/p>\n<p>De acuerdo con la\u00a0<strong>SEP<\/strong>, estos son los d\u00edas en los que no habr\u00e1 clases:<\/p>\n<ul class=\"wp-block-list\">\n<li><strong>Viernes 1 de mayo:<\/strong>\u00a0D\u00eda del Trabajo<\/li>\n<li><strong>Martes 5 de mayo:<\/strong>\u00a0Batalla de Puebla<\/li>\n<li><strong>Viernes 15 de mayo:<\/strong>\u00a0D\u00eda de la Maestra y el Maestro<\/li>\n<li><strong>Viernes 29 de mayo:<\/strong>\u00a0Consejo T\u00e9cnico Escolar<\/li>\n<\/ul>\n<p>Con estas fechas, mayo tendr\u00e1 varias pausas que pueden convertirse en\u00a0<strong>puentes largos<\/strong>, dependiendo del calendario de cada escuela.<\/p>\n<h2 id=\"h-sep-confirma-puentes-largos-para-estudiantes\" class=\"wp-block-heading\">SEP confirma puentes largos para estudiantes<\/h2>\n<p>El\u00a0<strong>calendario de la SEP\u00a0<\/strong>permite que algunos d\u00edas se junten con fines de semana, generando descansos m\u00e1s largos para estudiantes.<\/p>\n<div class=\"code-block code-block-2\">\n<div class=\"truvidPos\"><img loading=\"lazy\" decoding=\"async\" class=\"blazy aligncenter wp-image-20271 \" src=\"https:\/\/noticiasal.com.mx\/wp-content\/themes\/news\/assets\/images\/picture_placeholder_list.jpg\" data-src=\"https:\/\/noticiasal.com.mx\/wp-content\/uploads\/2026\/04\/calendario-sep-2026-122646.jpg\" alt=\"\" width=\"796\" height=\"448\" \/><noscript><img loading=\"lazy\" decoding=\"async\" class=\"aligncenter wp-image-20271 \" src=\"https:\/\/noticiasal.com.mx\/wp-content\/uploads\/2026\/04\/calendario-sep-2026-122646.jpg\" alt=\"\" width=\"796\" height=\"448\" srcset=\"https:\/\/noticiasal.com.mx\/wp-content\/uploads\/2026\/04\/calendario-sep-2026-122646.jpg 1200w, https:\/\/noticiasal.com.mx\/wp-content\/uploads\/2026\/04\/calendario-sep-2026-122646-300x169.jpg 300w, https:\/\/noticiasal.com.mx\/wp-content\/uploads\/2026\/04\/calendario-sep-2026-122646-1024x576.jpg 1024w, https:\/\/noticiasal.com.mx\/wp-content\/uploads\/2026\/04\/calendario-sep-2026-122646-768x432.jpg 768w\" sizes=\"(max-width: 796px) 100vw, 796px\" \/><\/noscript><\/div>\n<\/div>\n<p>Por ejemplo:<\/p>\n<ul>\n<li><span style=\"font-family: Georgia, 'Times New Roman', 'Bitstream Charter', Times, serif; font-size: 16px;\">El\u00a0<\/span><strong style=\"font-family: Georgia, 'Times New Roman', 'Bitstream Charter', Times, serif; font-size: 16px;\">1 de mayo<\/strong><span style=\"font-family: Georgia, 'Times New Roman', 'Bitstream Charter', Times, serif; font-size: 16px;\">\u00a0cae en viernes, lo que forma un puente autom\u00e1tico<\/span><\/li>\n<li>El\u00a0<strong>5 de mayo<\/strong>, al ser martes, puede dar lugar a un posible \u201cmegapuente\u201d en algunas escuelas<\/li>\n<li>El\u00a0<strong>15 de mayo<\/strong>\u00a0tambi\u00e9n cae en viernes, creando otro fin de semana largo<\/li>\n<\/ul>\n<p>Estas fechas convierten a mayo en uno de los meses con m\u00e1s descansos para la comunidad escolar.<\/p>\n<h2 id=\"h-trabajadores-no-descansan-todos-los-dias\" class=\"wp-block-heading\">Trabajadores no descansan todos los d\u00edas<\/h2>\n<p>En el \u00e1mbito laboral, solo el\u00a0<strong>1 de mayo<\/strong>\u00a0es descanso obligatorio en M\u00e9xico, seg\u00fan la Ley Federal del Trabajo.<\/p>\n<p>Otros d\u00edas como el\u00a0<strong>5 de mayo<\/strong>\u00a0y el\u00a0<strong>15 de mayo<\/strong>\u00a0no aplican como feriados obligatorios para todos los trabajadores, aunque s\u00ed hay suspensi\u00f3n de clases.<\/p>\n<p>El\u00a0<strong>10 de mayo<\/strong>, D\u00eda de las Madres, tampoco es feriado oficial y en 2026 cae en domingo. La\u00a0<strong>SEP<\/strong>\u00a0mantendr\u00e1 estas fechas conforme al calendario escolar vigente para el ciclo 2025-2026.<\/p>\n<p>&nbsp;<\/p>\n","protected":false},"excerpt":{"rendered":"<p>La\u00a0Secretar\u00eda de Educaci\u00f3n P\u00fablica\u00a0(SEP) confirm\u00f3 que habr\u00e1\u00a0tres puentes en mayo de 2026\u00a0para estudiantes de preescolar, primaria y secundaria, adem\u00e1s de otros d\u00edas sin clases marcados en el calendario escolar 2025-2026. De acuerdo con la\u00a0SEP, estos son los d\u00edas en los que no habr\u00e1 clases: Viernes 1 de mayo:\u00a0D\u00eda del Trabajo Martes 5 de mayo:\u00a0Batalla de [&hellip;]<\/p>\n","protected":false},"author":25,"featured_media":20270,"comment_status":"open","ping_status":"closed","sticky":false,"template":"","format":"standard","meta":{"footnotes":""},"categories":[148],"tags":[178,296,201],"class_list":["post-20269","post","type-post","status-publish","format-standard","has-post-thumbnail","hentry","category-mexico","tag-jalisco","tag-puente","tag-vacaciones"],"_links":{"self":[{"href":"https:\/\/noticiasal.com.mx\/index.php\/wp-json\/wp\/v2\/posts\/20269"}],"collection":[{"href":"https:\/\/noticiasal.com.mx\/index.php\/wp-json\/wp\/v2\/posts"}],"about":[{"href":"https:\/\/noticiasal.com.mx\/index.php\/wp-json\/wp\/v2\/types\/post"}],"author":[{"embeddable":true,"href":"https:\/\/noticiasal.com.mx\/index.php\/wp-json\/wp\/v2\/users\/25"}],"replies":[{"embeddable":true,"href":"https:\/\/noticiasal.com.mx\/index.php\/wp-json\/wp\/v2\/comments?post=20269"}],"version-history":[{"count":1,"href":"https:\/\/noticiasal.com.mx\/index.php\/wp-json\/wp\/v2\/posts\/20269\/revisions"}],"predecessor-version":[{"id":20272,"href":"https:\/\/noticiasal.com.mx\/index.php\/wp-json\/wp\/v2\/posts\/20269\/revisions\/20272"}],"wp:featuredmedia":[{"embeddable":true,"href":"https:\/\/noticiasal.com.mx\/index.php\/wp-json\/wp\/v2\/media\/20270"}],"wp:attachment":[{"href":"https:\/\/noticiasal.com.mx\/index.php\/wp-json\/wp\/v2\/media?parent=20269"}],"wp:term":[{"taxonomy":"category","embeddable":true,"href":"https:\/\/noticiasal.com.mx\/index.php\/wp-json\/wp\/v2\/categories?post=20269"},{"taxonomy":"post_tag","embeddable":true,"href":"https:\/\/noticiasal.com.mx\/index.php\/wp-json\/wp\/v2\/tags?post=20269"}],"curies":[{"name":"wp","href":"https:\/\/api.w.org\/{rel}","templated":true}]}}