{"id":7162,"date":"2020-10-22T22:48:19","date_gmt":"2020-10-22T22:48:19","guid":{"rendered":"https:\/\/noticiasal.com.mx\/?p=7162"},"modified":"2020-10-22T22:48:21","modified_gmt":"2020-10-22T22:48:21","slug":"en-vigor-sanciones-por-bloquear-acceso-a-playas","status":"publish","type":"post","link":"https:\/\/noticiasal.com.mx\/index.php\/2020\/10\/22\/en-vigor-sanciones-por-bloquear-acceso-a-playas\/","title":{"rendered":"En vigor, sanciones por bloquear acceso a playas"},"content":{"rendered":"\n<p>.- Hoy entr\u00f3 en vigor decreto para garantizar el libre acceso a las playas de M\u00e9xico, una vez que el Presidente, Andr\u00e9s Manuel L\u00f3pez Obrador, public\u00f3 en el Diario Oficial de la Federaci\u00f3n (DOF) el decreto por el que se reforma la Ley General de Bienes Nacionales para garantizar el libre acceso y tr\u00e1nsito en las playas.<\/p>\n\n\n\n<p>En caso de incumplir con la norma, se establecen sanciones que incluyen una multa de poco m\u00e1s de 1 mill\u00f3n de pesos y la posible revocaci\u00f3n de la concesi\u00f3n si es que existe una.<\/p>\n\n\n\n<p>El decreto publicado en el DOF adiciona un tercer p\u00e1rrafo al art\u00edculo 8 de la Ley, con el cual queda expl\u00edcito que el acceso a las playas no podr\u00e1 ser restringido, obstaculizado ni condicionado.<\/p>\n\n\n\n<p>\u201cEl acceso a las playas mar\u00edtimas y la zona federal mar\u00edtimo terrestre contigua a ellas no podr\u00e1 ser inhibido, restringido, obstaculizado ni condicionado salvo en los casos que establezca el reglamento\u201d, indica la reforma.<\/p>\n\n\n\n<p>En este mismo sentido, el art\u00edculo 127 determina que en el caso de que no existan v\u00edas p\u00fablicas o accesos desde la v\u00eda p\u00fablica, los propietarios de terrenos deber\u00e1n permitir el libre acceso a las playas a trav\u00e9s de accesos pactados con la Secretar\u00eda de Medio Ambiente y Recursos Naturales, la cual dar\u00e1 una compensaci\u00f3n.<\/p>\n\n\n\n<p>Por otra parte, se establece en el art\u00edculo 154 que se sancionar\u00e1 con multa de entre 3,000 y hasta 12,000 veces la Unidad de Medida y Actualizaci\u00f3n vigente, es decir, de 260,640 pesos hasta 1 mill\u00f3n 42,560 pesos en este 2020, a los propietarios o los titulares de concesiones o permisos que por cualquier medio o acto impidan, inhiban, restrinjan, obstaculicen o condicionen el acceso a las playas.<\/p>\n\n\n\n<p>Respecto a esto \u00faltimo, el documento indica que en caso de reincidencia, adem\u00e1s de la sanci\u00f3n, se revocar\u00e1 la concesi\u00f3n, autorizaci\u00f3n o permiso si es que existe para el caso, seg\u00fan lo dispuesto en el art\u00edculo 18 de la Ley.<\/p>\n\n\n\n<p><strong>ANTECEDENTE<\/strong><\/p>\n\n\n\n<p>De esta manera, partir de ahora, quien quiera apropiarse de playas mexicanas podr\u00e1 ser multado con hasta 1 mill\u00f3n de pesos. Por unanimidad, el Senado de la Rep\u00fablica aprob\u00f3 una reforma que proh\u00edbe que las playas del pa\u00eds sean privatizadas.<\/p>\n\n\n\n<p>La reforma que fue aprobada con 107 votos a favor, reafirm\u00f3 que las playas son p\u00fablicas, y califica como violaci\u00f3n a la ley limitar el acceso mediante construcciones, personal hotelero, cercas o seguridad privada.<\/p>\n\n\n\n<p>\u201cLa restricci\u00f3n al acceso de playas que realizan los propietarios de predios colindantes a la zona federal mar\u00edtimo terrestre, representa un acto de discriminaci\u00f3n a los ciudadanos, pues asumen como propia una franja que no est\u00e1 en el comercio y cuyo dominio corresponde a la naci\u00f3n\u201d, se\u00f1al\u00f3 M\u00f3nica Fern\u00e1ndez, Senadora del Movimiento de Regeneraci\u00f3n Nacional (Morena).<\/p>\n\n\n\n<p>Por su parte, Manuel A\u00f1orve, senador del PRI, explic\u00f3 que cerca de un tercio de todas las playas en la Rep\u00fablica est\u00e1n concesionadas y en muchas no se permite el acceso a todas las personas.<\/p>\n\n\n\n<p>Adem\u00e1s, se aplicar\u00e1n sanciones a los due\u00f1os de terrenos colindantes con la zona de playas si proh\u00edben el paso. En caso de reincidencia se les podr\u00eda revocar la concesi\u00f3n o permiso. (RLB).<\/p>\n","protected":false},"excerpt":{"rendered":"<p>.- Hoy entr\u00f3 en vigor decreto para garantizar el libre acceso a las playas de M\u00e9xico, una vez que el Presidente, Andr\u00e9s Manuel L\u00f3pez Obrador, public\u00f3 en el Diario Oficial de la Federaci\u00f3n (DOF) el decreto por el que se reforma la Ley General de Bienes Nacionales para garantizar el libre acceso y tr\u00e1nsito en [&hellip;]<\/p>\n","protected":false},"author":9,"featured_media":6403,"comment_status":"open","ping_status":"closed","sticky":false,"template":"","format":"standard","meta":{"footnotes":""},"categories":[148,166,159,158,164],"tags":[],"class_list":["post-7162","post","type-post","status-publish","format-standard","has-post-thumbnail","hentry","category-mexico","category-politica","category-puerto-vallarta","category-region","category-turismo"],"_links":{"self":[{"href":"https:\/\/noticiasal.com.mx\/index.php\/wp-json\/wp\/v2\/posts\/7162"}],"collection":[{"href":"https:\/\/noticiasal.com.mx\/index.php\/wp-json\/wp\/v2\/posts"}],"about":[{"href":"https:\/\/noticiasal.com.mx\/index.php\/wp-json\/wp\/v2\/types\/post"}],"author":[{"embeddable":true,"href":"https:\/\/noticiasal.com.mx\/index.php\/wp-json\/wp\/v2\/users\/9"}],"replies":[{"embeddable":true,"href":"https:\/\/noticiasal.com.mx\/index.php\/wp-json\/wp\/v2\/comments?post=7162"}],"version-history":[{"count":1,"href":"https:\/\/noticiasal.com.mx\/index.php\/wp-json\/wp\/v2\/posts\/7162\/revisions"}],"predecessor-version":[{"id":7163,"href":"https:\/\/noticiasal.com.mx\/index.php\/wp-json\/wp\/v2\/posts\/7162\/revisions\/7163"}],"wp:featuredmedia":[{"embeddable":true,"href":"https:\/\/noticiasal.com.mx\/index.php\/wp-json\/wp\/v2\/media\/6403"}],"wp:attachment":[{"href":"https:\/\/noticiasal.com.mx\/index.php\/wp-json\/wp\/v2\/media?parent=7162"}],"wp:term":[{"taxonomy":"category","embeddable":true,"href":"https:\/\/noticiasal.com.mx\/index.php\/wp-json\/wp\/v2\/categories?post=7162"},{"taxonomy":"post_tag","embeddable":true,"href":"https:\/\/noticiasal.com.mx\/index.php\/wp-json\/wp\/v2\/tags?post=7162"}],"curies":[{"name":"wp","href":"https:\/\/api.w.org\/{rel}","templated":true}]}}