{"id":7164,"date":"2020-10-22T23:06:29","date_gmt":"2020-10-22T23:06:29","guid":{"rendered":"https:\/\/noticiasal.com.mx\/?p=7164"},"modified":"2020-10-22T23:06:31","modified_gmt":"2020-10-22T23:06:31","slug":"el-ayer-fortalece-tus-principios","status":"publish","type":"post","link":"https:\/\/noticiasal.com.mx\/index.php\/2020\/10\/22\/el-ayer-fortalece-tus-principios\/","title":{"rendered":"El ayer fortalece tus principios"},"content":{"rendered":"\n<p>.- Cuando escribo algunas letras sobre mi vida en este bello rinc\u00f3n de la costa norte de Jalisco, nuestro amado Puerto Vallarta, me identifico mucho con la ni\u00f1ez donde me form\u00e9 al lado de mis padres, hermanos, amigos, pero sobre todo, con mis excelentes maestros de k\u00ednder, primaria y secundaria.<\/p>\n\n\n\n<p>Son estos tres grados de escolaridad donde se forma tu car\u00e1cter y se identifica lo que ser\u00e1 tu camino por la vida. Me he puesto a reflexionar con quienes tuve el privilegio de convivir durante esta \u00e9poca, siguen con su misma personalidad, por l\u00f3gica, con un cumulo de experiencia.<\/p>\n\n\n\n<p>No cabe la menor duda de que el ambiente donde te rodeas te forja y te ayuda a establecer dentro de tus planes y objetivos una visi\u00f3n a donde deseas llegar, sobre todo con \u00e9xito.<\/p>\n\n\n\n<p>Cuando recibes buenas ense\u00f1anzas, desde ni\u00f1o te ayuda, a ser creativo en todas las disciplinas que aprendes, tanto en lo cultural, lo educativo, deportivo y alg\u00fan oficio que de alguna forma te da un valor agregado en la vida.<\/p>\n\n\n\n<p>Por ejemplo, tengo compa\u00f1eros que aprendieron a pescar y hoy en d\u00eda siguen con esta actividad, otros en la industria de la construcci\u00f3n desarrollando el m\u00e1s humilde trabajo, ahora algunos ingenieros y arquitectos, en fin, la mayor\u00eda exitosos en sus actividades de trabajo; siempre se debe de tener la convicci\u00f3n de aprender alg\u00fan trabajo manual, para estar en condiciones de desarrollar tu creatividad.<\/p>\n\n\n\n<p><strong>Retomar los valores<\/strong><\/p>\n\n\n\n<p>Lo que bien se aprende nunca se olvida, sobre todo admiro a quienes se sienten orgullosos de sus padres o maestros que les impartieron la savia del saber no importando la clase social.<\/p>\n\n\n\n<p>Una cosa que a\u00f1oro mucho de mi tierra es la forma como fuimos educados, sin mirar nunca la parte econ\u00f3mica de nuestras familias, al contrario, nos ense\u00f1aron a compartir lo que tuvi\u00e9ramos; alimentos, juguetes y a participar en convivios donde reinara siempre la amistad.<\/p>\n\n\n\n<p>Desde estos momentos se aprende a trabajar en equipo, a valorar que entre todos existir\u00e1 siempre la armon\u00eda, y as\u00ed se facilitara el tener una sociedad m\u00e1s participativa.<\/p>\n\n\n\n<p>Me atrevo a afirmar que muchos de mis amigos provenientes de la cultura del esfuerzo, hoy son pr\u00f3speros profesionistas y empresarios exitosos.<\/p>\n\n\n\n<p>Hoy en d\u00eda encontramos facilidades para tener una mejor educaci\u00f3n con algunas universidades que ya abrieron sus puertas a esta comunidad vallartense, pero lo \u00fanico que siento es la necesidad de retomar los valores universales que tanto hacen falta.<\/p>\n\n\n\n<p>A medida que se avanza en la tecnolog\u00eda, se retrocede en la esencia de la vida misma, donde es necesario ejercitarla constantemente para poder adquirir sin menoscabo, una valoraci\u00f3n tal, que haga la relaci\u00f3n material con la espiritual, un producto que contribuya a una prosperidad m\u00e1s compartida.<\/p>\n\n\n\n<p><strong>Los maestros<\/strong><\/p>\n\n\n\n<p>Deseo compartir algunas unas ideas que hace la columnista Yusi Cervantes Leyzaola sobre los verdaderos maestros inolvidables que se entregan con vocaci\u00f3n y con mucho amor y \u00e9tica, que dista mucho de los actuales dejando mucho que desear: <\/p>\n\n\n\n<p>Tratan a cada alumno como una persona, los conocen, son sensibles a lo que est\u00e1n viviendo, saben cu\u00e1les son sus potencialidades y limitaciones. Conocen bien la materia o materias que ense\u00f1an. Es decir est\u00e1n bien preparados academicamente.<\/p>\n\n\n\n<p>Son cultos, sin ser especialistas en todo, tienen conocimientos de ciencias, arte, pol\u00edtica, filosof\u00eda, religi\u00f3n y procuran en forma particular conocer el ambiente en que sus alumnos se mueven.<\/p>\n\n\n\n<p>Son pacientes. No se desesperan cuando sus grupos est\u00e1n inquietos o cuando no avanzan. Tambi\u00e9n tienen paciencia ante las dificultades de cada alumno en particular.<\/p>\n\n\n\n<p>Procuran tener contacto con los padres de sus alumnos, especialmente con los que tienen m\u00e1s dificultades acad\u00e9micas de conducta o emocionales, para proponer la colaboraci\u00f3n escuela-familia, en bien de los chicos.<\/p>\n\n\n\n<p>Son din\u00e1micos. Saben que los alumnos viven en el mundo de lo instant\u00e1neo y lo desechable, que reciben miles de mensajes cada d\u00eda que les es imposible de asimilar. Saben por tanto, que es necesario mantenerlos interesados, comprometerlos en la tarea del aprendizaje y hacerlos participar.<\/p>\n\n\n\n<p>Son emp\u00e1ticos. Escuchan con atenci\u00f3n y respeto a sus alumnos. Se esfuerzan por comprenderlos y porque ellos entiendan lo que tienen que decirles.<\/p>\n\n\n\n<p>Sus alumnos saben que cuentan con ellos, que ser\u00e1n discretos respecto a lo que les comunican en forma personal, que no vayan a aprovecharse de lo que comparten con ellos, en suma que pueden confiar ya que los ayudan para su formaci\u00f3n humana necesaria.<\/p>\n\n\n\n<p>Son justos. Dan las calificaciones que cada quien merece. Piden en tiempo y forma las tareas que dejan. No se dejan llevar por los sentimentalismos, aunque s\u00ed son sensibles a los problemas que puedan tener sus alumnos.<\/p>\n\n\n\n<p>Dan gran importancia a los valores humanos, los fomentan en todo momento. Tambi\u00e9n ayudan a sus alumnos a cultivar sus virtudes.<\/p>\n\n\n\n<p><strong>Vocaci\u00f3n, don de Dios<\/strong><\/p>\n\n\n\n<p>En fin me, pongo a pensar si existen esta clase de maestros, y mi respuesta es que s\u00ed, son m\u00e1s de los que a veces pensamos. Porque muchos de ellos tienen una vocaci\u00f3n bien cimentada, y que es un don de Dios.<\/p>\n\n\n\n<p>Pero lo m\u00e1s importante es no dejarlos solos, que todos los padres de familia los tomen en cuenta, que los directivos los apoyen, que las comunidades los valoren. <\/p>\n\n\n\n<p>Muchas cosas pasan por mi mente, principalmente el hecho que si no tenemos una familia con cimientos fuertes, donde los valores sean las columnas de la formaci\u00f3n de cada uno de los miembros, seguramente la sociedad se ver\u00e1 muy afectada.<\/p>\n\n\n\n<p>Por eso creo que la FE nos ayuda a creer que compartiremos los cristianos la gloria de Dios y eso nos da esperanza para enfrentarnos valientemente a las pruebas diarias que da la vida.<\/p>\n\n\n\n<p>Siento un gran placer al tener conocimiento de muchos ciudadanos que convocan a estar Unidos por M\u00e9xico, pero solamente con objetivos claros y precisos tendremos una visi\u00f3n muy exacta hacia a donde nos debemos de dirigir, es lo siguiente: <\/p>\n\n\n\n<p>Consolidarnos como la mayor organizaci\u00f3n ciudadana de nuestro pa\u00eds, que en pleno ejercicio de la libertad religiosa y con la fuerza de la unidad, promueva la familia, los valores y la cultura cristiana para contribuir a transformar las estructuras sociales colaborando con instituciones afines.<\/p>\n\n\n\n<p>Un camino que facilitara indudablemente el fortalecer nuestras relaciones con la finalidad de contribuir a la grandeza de M\u00e9xico en todos los aspectos.<\/p>\n\n\n\n<p>Construcci\u00f3n de una sociedad libre, responsable y justa, donde se pueda vivir en paz, Este es el camino a nuestra verdadera integraci\u00f3n para alcanzar prosperidad.<\/p>\n","protected":false},"excerpt":{"rendered":"<p>.- Cuando escribo algunas letras sobre mi vida en este bello rinc\u00f3n de la costa norte de Jalisco, nuestro amado Puerto Vallarta, me identifico mucho con la ni\u00f1ez donde me form\u00e9 al lado de mis padres, hermanos, amigos, pero sobre todo, con mis excelentes maestros de k\u00ednder, primaria y secundaria. Son estos tres grados de [&hellip;]<\/p>\n","protected":false},"author":17,"featured_media":5856,"comment_status":"open","ping_status":"closed","sticky":false,"template":"","format":"standard","meta":{"footnotes":""},"categories":[153,166,159,158],"tags":[],"class_list":["post-7164","post","type-post","status-publish","format-standard","has-post-thumbnail","hentry","category-opinion","category-politica","category-puerto-vallarta","category-region"],"_links":{"self":[{"href":"https:\/\/noticiasal.com.mx\/index.php\/wp-json\/wp\/v2\/posts\/7164"}],"collection":[{"href":"https:\/\/noticiasal.com.mx\/index.php\/wp-json\/wp\/v2\/posts"}],"about":[{"href":"https:\/\/noticiasal.com.mx\/index.php\/wp-json\/wp\/v2\/types\/post"}],"author":[{"embeddable":true,"href":"https:\/\/noticiasal.com.mx\/index.php\/wp-json\/wp\/v2\/users\/17"}],"replies":[{"embeddable":true,"href":"https:\/\/noticiasal.com.mx\/index.php\/wp-json\/wp\/v2\/comments?post=7164"}],"version-history":[{"count":1,"href":"https:\/\/noticiasal.com.mx\/index.php\/wp-json\/wp\/v2\/posts\/7164\/revisions"}],"predecessor-version":[{"id":7165,"href":"https:\/\/noticiasal.com.mx\/index.php\/wp-json\/wp\/v2\/posts\/7164\/revisions\/7165"}],"wp:featuredmedia":[{"embeddable":true,"href":"https:\/\/noticiasal.com.mx\/index.php\/wp-json\/wp\/v2\/media\/5856"}],"wp:attachment":[{"href":"https:\/\/noticiasal.com.mx\/index.php\/wp-json\/wp\/v2\/media?parent=7164"}],"wp:term":[{"taxonomy":"category","embeddable":true,"href":"https:\/\/noticiasal.com.mx\/index.php\/wp-json\/wp\/v2\/categories?post=7164"},{"taxonomy":"post_tag","embeddable":true,"href":"https:\/\/noticiasal.com.mx\/index.php\/wp-json\/wp\/v2\/tags?post=7164"}],"curies":[{"name":"wp","href":"https:\/\/api.w.org\/{rel}","templated":true}]}}