{"id":7166,"date":"2020-10-23T22:11:19","date_gmt":"2020-10-23T22:11:19","guid":{"rendered":"https:\/\/noticiasal.com.mx\/?p=7166"},"modified":"2020-10-23T22:11:20","modified_gmt":"2020-10-23T22:11:20","slug":"rescatan-elementos-de-pc-jalisco-el-cuerpo-de-julio-en-colima","status":"publish","type":"post","link":"https:\/\/noticiasal.com.mx\/index.php\/2020\/10\/23\/rescatan-elementos-de-pc-jalisco-el-cuerpo-de-julio-en-colima\/","title":{"rendered":"Rescatan elementos de PC Jalisco el cuerpo de Julio en Colima"},"content":{"rendered":"\n<p>.- Los integrantes del grupo&nbsp; USAR (Urban Search and Rescue) de la Unidad Estatal de Protecci\u00f3n Civil y Bomberos de Jalisco, en coordinaci\u00f3n con autoridades de Protecci\u00f3n Civil de Colima, luego de 20 horas de trabajo continuo, lograron recuperar el cuerpo de Julio, el hombre de 36 a\u00f1os que quedara atrapado dentro de una noria desde el pasado viernes, en la comunidad de Montitl\u00e1n, municipio de Cuauht\u00e9moc, Colima.<\/p>\n\n\n\n<p>Para los trabajos de extracci\u00f3n del cuerpo fue necesaria la utilizaci\u00f3n de maquinaria pesada, debido a las condiciones del terreno.<\/p>\n\n\n\n<p>\u201cEn una reuni\u00f3n colegiada con las autoridades presentes se determina entrar con maquinaria y finalmente despu\u00e9s de 20 horas logramos sacar a la persona\u201d se\u00f1al\u00f3, Osvaldo Martinez Zavala, Director Operativo de la UEPCBJ<\/p>\n\n\n\n<p>Cabe destacar que estas acciones, se implementaron durante cinco d\u00edas, contando con la participaci\u00f3n de elementos de Protecci\u00f3n Civil Colima, Protecci\u00f3n Civil Cuauhtemoc, Cruz Roja de Colima y de Jalisco.<\/p>\n\n\n\n<p>Julio desafortunadamente falleci\u00f3 debido a que estuvo mucho tiempo aprisionado de sus extremidades inferiores, lo cual ocasion\u00f3 un proceso fisiol\u00f3gico donde el organismo inici\u00f3 con un proceso de toxicidad.<\/p>\n\n\n\n<p>Los doctores que estaban ah\u00ed no pudieron hacer nada por \u00e9l, debido a que en menos de 10 minutos cay\u00f3 en paro respiratorio, luego de haberlo liberado de la cadera y al irlo sacando se les vino encima otro derrumbe debido a lo inestable del bloque.<\/p>\n\n\n\n<p>Sacamos a los rescatistas y luego el cuerpo, pero nos dimos cuenta que ya hab\u00eda muerto, explic\u00f3 el encargado del grupo USAR Osvaldo Mart\u00ednez Zavala.<\/p>\n\n\n\n<p>Es importante resaltar que los trabajos de recuperaci\u00f3n del cuerpo se fueron dificultando debido a la inestabilidad de la tierra arcillosa qu\u00e9 hay en este paraje, por lo que las maniobras pusieron en riesgo la vida de los rescatistas, situaci\u00f3n por la que se determin\u00f3 ingresar con la maquinaria.<\/p>\n\n\n\n<p>Con estas acciones, el Gobierno del estado de Jalisco, a trav\u00e9s de la Unidad Estatal de Protecci\u00f3n Civil y Bomberos, refrenda su apoyo para prestar ayuda en caso de ser necesaria a cualquier dependencia, no solo en Jalisco, sino a todo el pa\u00eds.<\/p>\n","protected":false},"excerpt":{"rendered":"<p>.- Los integrantes del grupo&nbsp; USAR (Urban Search and Rescue) de la Unidad Estatal de Protecci\u00f3n Civil y Bomberos de Jalisco, en coordinaci\u00f3n con autoridades de Protecci\u00f3n Civil de Colima, luego de 20 horas de trabajo continuo, lograron recuperar el cuerpo de Julio, el hombre de 36 a\u00f1os que quedara atrapado dentro de una noria [&hellip;]<\/p>\n","protected":false},"author":10,"featured_media":7167,"comment_status":"open","ping_status":"closed","sticky":false,"template":"","format":"standard","meta":{"footnotes":""},"categories":[154,148,160,156],"tags":[],"class_list":["post-7166","post","type-post","status-publish","format-standard","has-post-thumbnail","hentry","category-jalisco","category-mexico","category-salud","category-seguridad-publica"],"_links":{"self":[{"href":"https:\/\/noticiasal.com.mx\/index.php\/wp-json\/wp\/v2\/posts\/7166"}],"collection":[{"href":"https:\/\/noticiasal.com.mx\/index.php\/wp-json\/wp\/v2\/posts"}],"about":[{"href":"https:\/\/noticiasal.com.mx\/index.php\/wp-json\/wp\/v2\/types\/post"}],"author":[{"embeddable":true,"href":"https:\/\/noticiasal.com.mx\/index.php\/wp-json\/wp\/v2\/users\/10"}],"replies":[{"embeddable":true,"href":"https:\/\/noticiasal.com.mx\/index.php\/wp-json\/wp\/v2\/comments?post=7166"}],"version-history":[{"count":1,"href":"https:\/\/noticiasal.com.mx\/index.php\/wp-json\/wp\/v2\/posts\/7166\/revisions"}],"predecessor-version":[{"id":7168,"href":"https:\/\/noticiasal.com.mx\/index.php\/wp-json\/wp\/v2\/posts\/7166\/revisions\/7168"}],"wp:featuredmedia":[{"embeddable":true,"href":"https:\/\/noticiasal.com.mx\/index.php\/wp-json\/wp\/v2\/media\/7167"}],"wp:attachment":[{"href":"https:\/\/noticiasal.com.mx\/index.php\/wp-json\/wp\/v2\/media?parent=7166"}],"wp:term":[{"taxonomy":"category","embeddable":true,"href":"https:\/\/noticiasal.com.mx\/index.php\/wp-json\/wp\/v2\/categories?post=7166"},{"taxonomy":"post_tag","embeddable":true,"href":"https:\/\/noticiasal.com.mx\/index.php\/wp-json\/wp\/v2\/tags?post=7166"}],"curies":[{"name":"wp","href":"https:\/\/api.w.org\/{rel}","templated":true}]}}