{"id":805,"count":1,"description":"","link":"https:\/\/noticiasal.com.mx\/index.php\/tag\/la-camara-de-diputado-conmemoro-el-dia-nacional-del-charro\/","name":"la C\u00e1mara de Diputado conmemor\u00f3 el D\u00eda Nacional del Charro","slug":"la-camara-de-diputado-conmemoro-el-dia-nacional-del-charro","taxonomy":"post_tag","meta":[],"_links":{"self":[{"href":"https:\/\/noticiasal.com.mx\/index.php\/wp-json\/wp\/v2\/tags\/805"}],"collection":[{"href":"https:\/\/noticiasal.com.mx\/index.php\/wp-json\/wp\/v2\/tags"}],"about":[{"href":"https:\/\/noticiasal.com.mx\/index.php\/wp-json\/wp\/v2\/taxonomies\/post_tag"}],"wp:post_type":[{"href":"https:\/\/noticiasal.com.mx\/index.php\/wp-json\/wp\/v2\/posts?tags=805"}],"curies":[{"name":"wp","href":"https:\/\/api.w.org\/{rel}","templated":true}]}}